{"id":13793,"date":"2023-02-23T13:35:29","date_gmt":"2023-02-23T12:35:29","guid":{"rendered":"http:\/\/tvbelas.com\/tvbelas\/?p=13793"},"modified":"2023-02-23T13:35:31","modified_gmt":"2023-02-23T12:35:31","slug":"conselho-de-ministros-reune-sua-comissao-economica","status":"publish","type":"post","link":"https:\/\/tvbelas.com\/tvbelas\/noticias\/politica-angola\/conselho-de-ministros-reune-sua-comissao-economica\/","title":{"rendered":"CONSELHO DE MINISTROS RE\u00daNE SUA COMISS\u00c3O ECON\u00d3MICA"},"content":{"rendered":"\n<p>Esta quinta-feira, a Comiss\u00e3o Econ\u00f3mica do Conselho de Ministros efectuou a sua segunda reuni\u00e3o ordin\u00e1ria do presente ano, sob orienta\u00e7\u00e3o do Presidente da Rep\u00fablica.<\/p>\n\n\n\n<figure class=\"wp-block-image size-full\"><img loading=\"lazy\" decoding=\"async\" width=\"960\" height=\"660\" src=\"http:\/\/tvbelas.com\/tvbelas\/wp-content\/uploads\/2023\/02\/333031636_2121448451373779_7858072039704993975_n.jpg\" alt=\"\" class=\"wp-image-13795\" srcset=\"https:\/\/tvbelas.com\/tvbelas\/wp-content\/uploads\/2023\/02\/333031636_2121448451373779_7858072039704993975_n.jpg 960w, https:\/\/tvbelas.com\/tvbelas\/wp-content\/uploads\/2023\/02\/333031636_2121448451373779_7858072039704993975_n-300x206.jpg 300w, https:\/\/tvbelas.com\/tvbelas\/wp-content\/uploads\/2023\/02\/333031636_2121448451373779_7858072039704993975_n-768x528.jpg 768w, https:\/\/tvbelas.com\/tvbelas\/wp-content\/uploads\/2023\/02\/333031636_2121448451373779_7858072039704993975_n-150x103.jpg 150w, https:\/\/tvbelas.com\/tvbelas\/wp-content\/uploads\/2023\/02\/333031636_2121448451373779_7858072039704993975_n-218x150.jpg 218w, https:\/\/tvbelas.com\/tvbelas\/wp-content\/uploads\/2023\/02\/333031636_2121448451373779_7858072039704993975_n-696x479.jpg 696w, https:\/\/tvbelas.com\/tvbelas\/wp-content\/uploads\/2023\/02\/333031636_2121448451373779_7858072039704993975_n-611x420.jpg 611w, https:\/\/tvbelas.com\/tvbelas\/wp-content\/uploads\/2023\/02\/333031636_2121448451373779_7858072039704993975_n-100x70.jpg 100w\" sizes=\"auto, (max-width: 960px) 100vw, 960px\" \/><figcaption class=\"wp-element-caption\">Jo\u00e3o Louren\u00e7o Presidente da Republica<\/figcaption><\/figure>\n\n\n\n<p><\/p>\n\n\n\n<p>Nesta sess\u00e3o, a Comiss\u00e3o Econ\u00f3mica aprovou o Regime Jur\u00eddico da Comunica\u00e7\u00e3o Electr\u00f3nica do Procedimento Tribut\u00e1rio e Processo de Execu\u00e7\u00e3o Fiscal, diploma que define as regras aplic\u00e1veis \u00e0s notifica\u00e7\u00f5es e demais comunica\u00e7\u00f5es, concernentes ao procedimento tribut\u00e1rio e processo de execu\u00e7\u00e3o fiscal, bem como as formalidades na apresenta\u00e7\u00e3o electr\u00f3nica das declara\u00e7\u00f5es dos contribuintes e dos documentos que as devem acompanhar.<\/p>\n\n\n\n<p><\/p>\n\n\n\n<figure class=\"wp-block-image size-full\"><img loading=\"lazy\" decoding=\"async\" width=\"1024\" height=\"621\" src=\"http:\/\/tvbelas.com\/tvbelas\/wp-content\/uploads\/2023\/02\/332170034_658646039363332_8849118617427050744_n.jpg\" alt=\"\" class=\"wp-image-13794\" srcset=\"https:\/\/tvbelas.com\/tvbelas\/wp-content\/uploads\/2023\/02\/332170034_658646039363332_8849118617427050744_n.jpg 1024w, https:\/\/tvbelas.com\/tvbelas\/wp-content\/uploads\/2023\/02\/332170034_658646039363332_8849118617427050744_n-300x182.jpg 300w, https:\/\/tvbelas.com\/tvbelas\/wp-content\/uploads\/2023\/02\/332170034_658646039363332_8849118617427050744_n-768x466.jpg 768w, https:\/\/tvbelas.com\/tvbelas\/wp-content\/uploads\/2023\/02\/332170034_658646039363332_8849118617427050744_n-150x91.jpg 150w, https:\/\/tvbelas.com\/tvbelas\/wp-content\/uploads\/2023\/02\/332170034_658646039363332_8849118617427050744_n-696x422.jpg 696w, https:\/\/tvbelas.com\/tvbelas\/wp-content\/uploads\/2023\/02\/332170034_658646039363332_8849118617427050744_n-693x420.jpg 693w\" sizes=\"auto, (max-width: 1024px) 100vw, 1024px\" \/><figcaption class=\"wp-element-caption\">CONSELHO DE MINISTROS RE\u00daNE SUA COMISS\u00c3O ECON\u00d3MICA<\/figcaption><\/figure>\n\n\n\n<p><\/p>\n\n\n\n<p>A reuni\u00e3o de hoje permitiu ainda a aprova\u00e7\u00e3o do Quadro Operacional para o Financiamento Sustent\u00e1vel, documento que estabelece as linhas da actua\u00e7\u00e3o do Estado angolano na contrata\u00e7\u00e3o de cr\u00e9ditos (d\u00edvida) no mercado financeiro internacional.<\/p>\n\n\n\n<p><\/p>\n","protected":false},"excerpt":{"rendered":"<p>Esta quinta-feira, a Comiss\u00e3o Econ\u00f3mica do Conselho de Ministros efectuou a sua segunda reuni\u00e3o ordin\u00e1ria do presente ano, sob orienta\u00e7\u00e3o do Presidente da Rep\u00fablica. Nesta sess\u00e3o, a Comiss\u00e3o Econ\u00f3mica aprovou o Regime Jur\u00eddico da Comunica\u00e7\u00e3o Electr\u00f3nica do Procedimento Tribut\u00e1rio e Processo de Execu\u00e7\u00e3o Fiscal, diploma que define as regras aplic\u00e1veis \u00e0s notifica\u00e7\u00f5es e demais comunica\u00e7\u00f5es, [&hellip;]<\/p>\n","protected":false},"author":1,"featured_media":13796,"comment_status":"open","ping_status":"open","sticky":false,"template":"","format":"standard","meta":{"footnotes":""},"categories":[12],"tags":[],"class_list":{"0":"post-13793","1":"post","2":"type-post","3":"status-publish","4":"format-standard","5":"has-post-thumbnail","7":"category-politica-angola"},"amp_enabled":true,"_links":{"self":[{"href":"https:\/\/tvbelas.com\/tvbelas\/wp-json\/wp\/v2\/posts\/13793","targetHints":{"allow":["GET"]}}],"collection":[{"href":"https:\/\/tvbelas.com\/tvbelas\/wp-json\/wp\/v2\/posts"}],"about":[{"href":"https:\/\/tvbelas.com\/tvbelas\/wp-json\/wp\/v2\/types\/post"}],"author":[{"embeddable":true,"href":"https:\/\/tvbelas.com\/tvbelas\/wp-json\/wp\/v2\/users\/1"}],"replies":[{"embeddable":true,"href":"https:\/\/tvbelas.com\/tvbelas\/wp-json\/wp\/v2\/comments?post=13793"}],"version-history":[{"count":1,"href":"https:\/\/tvbelas.com\/tvbelas\/wp-json\/wp\/v2\/posts\/13793\/revisions"}],"predecessor-version":[{"id":13797,"href":"https:\/\/tvbelas.com\/tvbelas\/wp-json\/wp\/v2\/posts\/13793\/revisions\/13797"}],"wp:featuredmedia":[{"embeddable":true,"href":"https:\/\/tvbelas.com\/tvbelas\/wp-json\/wp\/v2\/media\/13796"}],"wp:attachment":[{"href":"https:\/\/tvbelas.com\/tvbelas\/wp-json\/wp\/v2\/media?parent=13793"}],"wp:term":[{"taxonomy":"category","embeddable":true,"href":"https:\/\/tvbelas.com\/tvbelas\/wp-json\/wp\/v2\/categories?post=13793"},{"taxonomy":"post_tag","embeddable":true,"href":"https:\/\/tvbelas.com\/tvbelas\/wp-json\/wp\/v2\/tags?post=13793"}],"curies":[{"name":"wp","href":"https:\/\/api.w.org\/{rel}","templated":true}]}}