{"id":13888,"date":"2023-03-14T18:32:54","date_gmt":"2023-03-14T17:32:54","guid":{"rendered":"http:\/\/tvbelas.com\/tvbelas\/?p=13888"},"modified":"2023-03-14T18:38:12","modified_gmt":"2023-03-14T17:38:12","slug":"pedro-goncalves-divulga-lista-dos-convocados","status":"publish","type":"post","link":"https:\/\/tvbelas.com\/tvbelas\/noticias\/desporto\/pedro-goncalves-divulga-lista-dos-convocados\/","title":{"rendered":"PEDRO GON\u00c7ALVES DIVULGA LISTA DOS CONVOCADOS"},"content":{"rendered":"\n<p>Entre caras novas a militar na Europa, alguns regressos, caso de Gelson Ndala e Mbala Zola e alguns habitues, o selecionador Nacional Pedro Gon\u00e7alves chamou 26 jogadores para a 3\u00aa jornada do Grupo E rumo ao Can 2024 na Cot\u00ea D&#8217;ivoite.<\/p>\n\n\n\n<p>Tr\u00eas s\u00e3o guarda redes, destaque para Ricardo Baptista do Casa Pia da 1\u00aa liga Portuguesa, sete m\u00e9dios e nove avan\u00e7ados. Veremos de desta vez, todos os pr\u00e9 &#8211; convocados se apresentam, depois de muitas aus\u00eancias em jogos de data Fica.<\/p>\n\n\n\n<p>Os Palancas Negras visitam o Ghana dia 23 em Accra para 3\u00aa jornada e 4 dias depois recebem a visita dos Black Star para ronda quatro, 1\u00aa da 2\u00aa volta.<\/p>\n\n\n\n<p>Ghana e Angola lideram o grupo E com 4 pontos seguidos da RCA e Madag\u00e1scar com 1 ponto.<\/p>\n\n\n\n<p>Qualificam-se directamente os dois primeiros de cada grupo.<\/p>\n\n\n\n<p>Guarda-redes<\/p>\n\n\n\n<p>Nebl\u00fa<\/p>\n\n\n\n<p>Kad\u00fa<\/p>\n\n\n\n<p>H <a><\/a>Marques<\/p>\n\n\n\n<p>Defesas<\/p>\n\n\n\n<p>J. Buatu<\/p>\n\n\n\n<p>E. Afonso<\/p>\n\n\n\n<p>G. Ndefe<\/p>\n\n\n\n<p>Lulas<\/p>\n\n\n\n<p>Gaspar<\/p>\n\n\n\n<p>N\u00fario Fortuna<\/p>\n\n\n\n<p>Pedro<\/p>\n\n\n\n<p>M\u00e9dios<\/p>\n\n\n\n<p>Fredy<\/p>\n\n\n\n<p>Beni<\/p>\n\n\n\n<p>Bruno Paz<\/p>\n\n\n\n<p>Show<\/p>\n\n\n\n<p>Keliano<\/p>\n\n\n\n<p>Megue<\/p>\n\n\n\n<p>Estrela<\/p>\n\n\n\n<p>Avan\u00e7ados<\/p>\n\n\n\n<p>Mabululu<\/p>\n\n\n\n<p>Gilberto<\/p>\n\n\n\n<p>H\u00e9lder Costa<\/p>\n\n\n\n<p>Gerson Dala<\/p>\n\n\n\n<p>Lucas Jo\u00e3o<\/p>\n\n\n\n<p>Mbala Nzola<\/p>\n\n\n\n<p>Nelson da Luz<\/p>\n\n\n\n<p>Zito Luvumbo<\/p>\n\n\n\n<p>Ary Papel<\/p>\n","protected":false},"excerpt":{"rendered":"<p>Entre caras novas a militar na Europa, alguns regressos, caso de Gelson Ndala e Mbala Zola e alguns habitues, o selecionador Nacional Pedro Gon\u00e7alves chamou 26 jogadores para a 3\u00aa jornada do Grupo E rumo ao Can 2024 na Cot\u00ea D&#8217;ivoite. Tr\u00eas s\u00e3o guarda redes, destaque para Ricardo Baptista do Casa Pia da 1\u00aa liga [&hellip;]<\/p>\n","protected":false},"author":1,"featured_media":13889,"comment_status":"open","ping_status":"open","sticky":false,"template":"","format":"standard","meta":{"footnotes":""},"categories":[19],"tags":[],"class_list":{"0":"post-13888","1":"post","2":"type-post","3":"status-publish","4":"format-standard","5":"has-post-thumbnail","7":"category-desporto"},"amp_enabled":true,"_links":{"self":[{"href":"https:\/\/tvbelas.com\/tvbelas\/wp-json\/wp\/v2\/posts\/13888","targetHints":{"allow":["GET"]}}],"collection":[{"href":"https:\/\/tvbelas.com\/tvbelas\/wp-json\/wp\/v2\/posts"}],"about":[{"href":"https:\/\/tvbelas.com\/tvbelas\/wp-json\/wp\/v2\/types\/post"}],"author":[{"embeddable":true,"href":"https:\/\/tvbelas.com\/tvbelas\/wp-json\/wp\/v2\/users\/1"}],"replies":[{"embeddable":true,"href":"https:\/\/tvbelas.com\/tvbelas\/wp-json\/wp\/v2\/comments?post=13888"}],"version-history":[{"count":2,"href":"https:\/\/tvbelas.com\/tvbelas\/wp-json\/wp\/v2\/posts\/13888\/revisions"}],"predecessor-version":[{"id":13891,"href":"https:\/\/tvbelas.com\/tvbelas\/wp-json\/wp\/v2\/posts\/13888\/revisions\/13891"}],"wp:featuredmedia":[{"embeddable":true,"href":"https:\/\/tvbelas.com\/tvbelas\/wp-json\/wp\/v2\/media\/13889"}],"wp:attachment":[{"href":"https:\/\/tvbelas.com\/tvbelas\/wp-json\/wp\/v2\/media?parent=13888"}],"wp:term":[{"taxonomy":"category","embeddable":true,"href":"https:\/\/tvbelas.com\/tvbelas\/wp-json\/wp\/v2\/categories?post=13888"},{"taxonomy":"post_tag","embeddable":true,"href":"https:\/\/tvbelas.com\/tvbelas\/wp-json\/wp\/v2\/tags?post=13888"}],"curies":[{"name":"wp","href":"https:\/\/api.w.org\/{rel}","templated":true}]}}