{"id":13892,"date":"2023-03-14T19:00:23","date_gmt":"2023-03-14T18:00:23","guid":{"rendered":"http:\/\/tvbelas.com\/tvbelas\/?p=13892"},"modified":"2023-03-14T19:00:25","modified_gmt":"2023-03-14T18:00:25","slug":"japao-vai-financiar-projecto-de-energia-no-lubango-e-na-cidade-de-mocamedes","status":"publish","type":"post","link":"https:\/\/tvbelas.com\/tvbelas\/noticias\/politica-angola\/japao-vai-financiar-projecto-de-energia-no-lubango-e-na-cidade-de-mocamedes\/","title":{"rendered":"JAP\u00c3O VAI FINANCIAR PROJECTO DE ENERGIA NO LUBANGO E NA CIDADE DE MO\u00c7\u00c2MEDES"},"content":{"rendered":"\n<p>A informa\u00e7\u00e3o foi prestada esta ter\u00e7a-feira, na cidade de T\u00f3quio, pelo ministro angolano da Energia e \u00c1guas, Jo\u00e3o Baptista Borges, que integra a delega\u00e7\u00e3o do Presidente da Rep\u00fablica, Jo\u00e3o Louren\u00e7o, na visita ao Jap\u00e3o.<\/p>\n\n\n\n<p>Em breves declara\u00e7\u00f5es \u00e0 imprensa, o ministro considerou o referido projecto como priorit\u00e1rio, no quadro do programa do Governo angolano.<\/p>\n\n\n\n<p>O Presidente Jo\u00e3o Louren\u00e7o realiza uma visita de Estado de quatro dias ao Jap\u00e3o, iniciada no dia 12 do corrente m\u00eas.<\/p>\n\n\n\n<p>Nesta desloca\u00e7\u00e3o, que resulta de um convite formulado pelas autoridades japonesas, Angola perspectiva a capta\u00e7\u00e3o de mais investimentos para a diversifica\u00e7\u00e3o da sua economia.<\/p>\n\n\n\n<p>O Jap\u00e3o, terceira maior economia mundial, possui 10\u00aa maior popula\u00e7\u00e3o do mundo com cerca de 125,4 milh\u00f5es de habitantes.&nbsp;<strong>AFL\/OHA\/ADR&nbsp;<\/strong><\/p>\n","protected":false},"excerpt":{"rendered":"<p>A informa\u00e7\u00e3o foi prestada esta ter\u00e7a-feira, na cidade de T\u00f3quio, pelo ministro angolano da Energia e \u00c1guas, Jo\u00e3o Baptista Borges, que integra a delega\u00e7\u00e3o do Presidente da Rep\u00fablica, Jo\u00e3o Louren\u00e7o, na visita ao Jap\u00e3o. Em breves declara\u00e7\u00f5es \u00e0 imprensa, o ministro considerou o referido projecto como priorit\u00e1rio, no quadro do programa do Governo angolano. O [&hellip;]<\/p>\n","protected":false},"author":1,"featured_media":13893,"comment_status":"open","ping_status":"open","sticky":false,"template":"","format":"standard","meta":{"footnotes":""},"categories":[12],"tags":[],"class_list":{"0":"post-13892","1":"post","2":"type-post","3":"status-publish","4":"format-standard","5":"has-post-thumbnail","7":"category-politica-angola"},"amp_enabled":true,"_links":{"self":[{"href":"https:\/\/tvbelas.com\/tvbelas\/wp-json\/wp\/v2\/posts\/13892","targetHints":{"allow":["GET"]}}],"collection":[{"href":"https:\/\/tvbelas.com\/tvbelas\/wp-json\/wp\/v2\/posts"}],"about":[{"href":"https:\/\/tvbelas.com\/tvbelas\/wp-json\/wp\/v2\/types\/post"}],"author":[{"embeddable":true,"href":"https:\/\/tvbelas.com\/tvbelas\/wp-json\/wp\/v2\/users\/1"}],"replies":[{"embeddable":true,"href":"https:\/\/tvbelas.com\/tvbelas\/wp-json\/wp\/v2\/comments?post=13892"}],"version-history":[{"count":1,"href":"https:\/\/tvbelas.com\/tvbelas\/wp-json\/wp\/v2\/posts\/13892\/revisions"}],"predecessor-version":[{"id":13894,"href":"https:\/\/tvbelas.com\/tvbelas\/wp-json\/wp\/v2\/posts\/13892\/revisions\/13894"}],"wp:featuredmedia":[{"embeddable":true,"href":"https:\/\/tvbelas.com\/tvbelas\/wp-json\/wp\/v2\/media\/13893"}],"wp:attachment":[{"href":"https:\/\/tvbelas.com\/tvbelas\/wp-json\/wp\/v2\/media?parent=13892"}],"wp:term":[{"taxonomy":"category","embeddable":true,"href":"https:\/\/tvbelas.com\/tvbelas\/wp-json\/wp\/v2\/categories?post=13892"},{"taxonomy":"post_tag","embeddable":true,"href":"https:\/\/tvbelas.com\/tvbelas\/wp-json\/wp\/v2\/tags?post=13892"}],"curies":[{"name":"wp","href":"https:\/\/api.w.org\/{rel}","templated":true}]}}