{"id":13895,"date":"2023-03-16T09:45:28","date_gmt":"2023-03-16T08:45:28","guid":{"rendered":"http:\/\/tvbelas.com\/tvbelas\/?p=13895"},"modified":"2023-03-16T09:45:29","modified_gmt":"2023-03-16T08:45:29","slug":"decretos-presidenciais-movimentam-sector-dos-transportes","status":"publish","type":"post","link":"https:\/\/tvbelas.com\/tvbelas\/noticias\/politica-angola\/decretos-presidenciais-movimentam-sector-dos-transportes\/","title":{"rendered":"DECRETOS PRESIDENCIAIS MOVIMENTAM SECTOR DOS TRANSPORTES"},"content":{"rendered":"\n<p>Por conveni\u00eancia de servi\u00e7o;<\/p>\n\n\n\n<p>O Presidente da Rep\u00fablica, Jo\u00e3o Manuel Gon\u00e7alves Louren\u00e7o, usando das suas prerrogativas legais, d\u00e1 por findo o mandato das individualidades que integram o Conselho de Administra\u00e7\u00e3o da Sociedade Gestora de Aeroportos SGA \u2013 SA, nomeadamente:<\/p>\n\n\n\n<p>&#8211; <a><\/a>M\u00e1rio Miguel Domingues \u2013 Presidente do Conselho de Administra\u00e7\u00e3o; Administrador N\u00e3o Executivo.<\/p>\n\n\n\n<p>&#8211; Nataniel Alberto dos Santos Domingos \u2013 Presidente da Comiss\u00e3o Executiva; Administrador Executivo;<\/p>\n\n\n\n<p>&#8211; Ant\u00f3nio Crist\u00f3v\u00e3o Manuel \u2013 Administrador Executivo;<\/p>\n\n\n\n<p>&#8211; Helsio Mauro Ribeiro Epalanga \u2013 Administrador Executivo;<\/p>\n\n\n\n<p>&#8211; N\u00b4jinga Nerica Pimentel Pitta-Gr\u00f3s \u2013 Administrador Executivo;<\/p>\n\n\n\n<p>&#8211; Manuel Gomes \u2013 Administrador N\u00e3o Executivo;<\/p>\n\n\n\n<p>&#8211; H\u00e9lder Marques Nunes da Silva \u2013 Administrador N\u00e3o Executivo;<\/p>\n\n\n\n<p>&#8211; Jos\u00e9 Tavares Baptista Ven\u00e2ncio \u2013 Administrador N\u00e3o Executivo<\/p>\n\n\n\n<p>&#8211; Marcelino Crist\u00f3v\u00e3o Bronzeia Franco \u2013 Administrador N\u00e3o Executivo.<\/p>\n\n\n\n<p>O PRESIDENTE DA REP\u00daBLICA<\/p>\n\n\n\n<p>JO\u00c3O MANUEL GON\u00c7ALVES LOUREN\u00c7O<\/p>\n\n\n\n<p>Por conveni\u00eancia de servi\u00e7o;<\/p>\n\n\n\n<p>O Presidente da Rep\u00fablica d\u00e1 por findo o mandato das individualidades que integram o Conselho de Administra\u00e7\u00e3o da Empresa do Caminho de Ferro de Luanda, E.P, nomeadamente:<\/p>\n\n\n\n<p>J\u00falio Bango Joaquim, Presidente do Conselho do Administra\u00e7\u00e3o;<\/p>\n\n\n\n<p>Manuel Jo\u00e3o Louren\u00e7o, Administrador para a \u00c1rea T\u00e9cnica;<\/p>\n\n\n\n<p>Rufino Manuel da Concei\u00e7\u00e3o J\u00fanior, Administrador N\u00e3o Executivo;<\/p>\n\n\n\n<p>Judite Armando Pereira, Administradora N\u00e3o Executiva.<\/p>\n\n\n\n<p>O PRESIDENTE DA REP\u00daBLICA<\/p>\n\n\n\n<p>JO\u00c3O MANUEL GON\u00c7ALVES LOUREN\u00c7O<\/p>\n\n\n\n<p>Por conveni\u00eancia de servi\u00e7o;<\/p>\n\n\n\n<p>O Presidente da Rep\u00fablica d\u00e1 por findo o mandato das individualidades que integram o Conselho de Administra\u00e7\u00e3o da Empresa Portu\u00e1ria de Luanda, E.P., nomeadamente:<\/p>\n\n\n\n<p>Alberto Ant\u00f3nio Bengue, Presidente do Conselho de Administra\u00e7\u00e3o;<\/p>\n\n\n\n<p>Willy Lucti Maio Guimar\u00e3es, Administrador Executivo;<\/p>\n\n\n\n<p>Miguel Marcos Vidal Pipa, Administrador Executivo;<\/p>\n\n\n\n<p>Hor\u00e1cio Jos\u00e9 V. de Macedo Feij\u00f3, Administrador Executivo;<\/p>\n\n\n\n<p>Anibal Ant\u00f3nio Vuma, Administrador Executivo;<\/p>\n\n\n\n<p>Justino Jos\u00e9 Fernandes, Administrador N\u00e3o Executivo;<\/p>\n\n\n\n<p>Jo\u00e3o de Oliveira Barradas, Administrador N\u00e3o Executivo.<\/p>\n\n\n\n<p>O PRESIDENTE DA REP\u00daBLICA<\/p>\n\n\n\n<p>JO\u00c3O MANUEL GON\u00c7ALVES LOUREN\u00c7O<\/p>\n\n\n\n<p>Por conveni\u00eancia de servi\u00e7o;<\/p>\n\n\n\n<p>O Presidente da Rep\u00fablica exonera Daniel Jo\u00e3o Quipaxe, do cargo de Presidente do Conselho de Administra\u00e7\u00e3o da Empresa do Caminho de Ferro de Mo\u00e7\u00e2medes, E.P., para o qual havia sido nomeado atrav\u00e9s do Decreto Presidencial n.\u00ba 338\/17, de 20 de Dezembro.<\/p>\n\n\n\n<p>O PRESIDENTE DA REP\u00daBLICA<\/p>\n\n\n\n<p>JO\u00c3O MANUEL GON\u00c7ALVES LOUREN\u00c7O<\/p>\n\n\n\n<p>O Presidente da Rep\u00fablica nomeia as seguintes individualidades para integrar o Conselho de Administra\u00e7\u00e3o da Empresa do Caminho de Ferro de Luanda, E.P. :<\/p>\n\n\n\n<p>Manuel Ant\u00f3nio Kanda Kanda, Presidente do Conselho de Administra\u00e7\u00e3o;<\/p>\n\n\n\n<p>Manuel Jo\u00e3o Louren\u00e7o, Administrador para a \u00c1rea T\u00e9cnica;<\/p>\n\n\n\n<p>Luzia Vanessa Correia da Costa Cravid, Administradora para a \u00c1rea Financeira;<\/p>\n\n\n\n<p>Rufino Manuel da Concei\u00e7\u00e3o J\u00fanior, Administrador N\u00e3o Executivo;<\/p>\n\n\n\n<p>Daniel Jo\u00e3o Quipaxe, Administrador N\u00e3o Executivo.<\/p>\n\n\n\n<p>O PRESIDENTE DA REP\u00daBLICA<\/p>\n\n\n\n<p>JO\u00c3O MANUEL GON\u00c7ALVES LOUREN\u00c7O<\/p>\n\n\n\n<p>O Presidente da Rep\u00fablica nomeia, para integrar o Conselho de Administra\u00e7\u00e3o da Empresa Portu\u00e1ria de Luanda, E.P., as individualidades a seguir designadas:<\/p>\n\n\n\n<p>Alberto Ant\u00f3nio Bengue, Presidente do Conselho de Administra\u00e7\u00e3o;<\/p>\n\n\n\n<p>Willy Lucti Maio Guimar\u00e3es, Administrador Executivo;<\/p>\n\n\n\n<p>An\u00edbal Ant\u00f3nio Vuma, Administrador Executivo;<\/p>\n\n\n\n<p>Jo\u00e3o Gaspar de Sousa Fernandes, Administrador Executivo;<\/p>\n\n\n\n<p>Pedro Valentim Dozi, Administrador Executivo;<\/p>\n\n\n\n<p>M\u00e1rio Miguel Domingues, Administrador N\u00e3o Executivo;<\/p>\n\n\n\n<p>Manuel Augusto C\u00e9sar Ferreira, Administrador N\u00e3o Executivo<\/p>\n\n\n\n<p>O PRESIDENTE DA REP\u00daBLICA<\/p>\n\n\n\n<p>JO\u00c3O MANUEL GON\u00c7ALVES LOUREN\u00c7O<\/p>\n\n\n\n<p>O Presidente da Rep\u00fablica nomeia, nos termos da Lei e por conveni\u00eancia de servi\u00e7o p\u00fablico:<\/p>\n\n\n\n<p>Ant\u00f3nio Coelho Fernandes da Cruz- Presidente do Conselho de Administra\u00e7\u00e3o da Empresa do Caminho de Ferro de Mo\u00e7\u00e2medes- EP;<\/p>\n\n\n\n<p>Ant\u00f3nio Capewa Caliangula \u2013 Administrador N\u00e3o Executivo da Empresa Portu\u00e1ria do Lobito, E.P.<\/p>\n\n\n\n<p>O PRESIDENTE DA REP\u00daBLICA<\/p>\n\n\n\n<p>JO\u00c3O MANUEL GON\u00c7ALVES LOUREN\u00c7O<\/p>\n","protected":false},"excerpt":{"rendered":"<p>Por conveni\u00eancia de servi\u00e7o; O Presidente da Rep\u00fablica, Jo\u00e3o Manuel Gon\u00e7alves Louren\u00e7o, usando das suas prerrogativas legais, d\u00e1 por findo o mandato das individualidades que integram o Conselho de Administra\u00e7\u00e3o da Sociedade Gestora de Aeroportos SGA \u2013 SA, nomeadamente: &#8211; M\u00e1rio Miguel Domingues \u2013 Presidente do Conselho de Administra\u00e7\u00e3o; Administrador N\u00e3o Executivo. &#8211; Nataniel Alberto [&hellip;]<\/p>\n","protected":false},"author":1,"featured_media":13795,"comment_status":"open","ping_status":"open","sticky":false,"template":"","format":"standard","meta":{"footnotes":""},"categories":[12],"tags":[],"class_list":{"0":"post-13895","1":"post","2":"type-post","3":"status-publish","4":"format-standard","5":"has-post-thumbnail","7":"category-politica-angola"},"amp_enabled":true,"_links":{"self":[{"href":"https:\/\/tvbelas.com\/tvbelas\/wp-json\/wp\/v2\/posts\/13895","targetHints":{"allow":["GET"]}}],"collection":[{"href":"https:\/\/tvbelas.com\/tvbelas\/wp-json\/wp\/v2\/posts"}],"about":[{"href":"https:\/\/tvbelas.com\/tvbelas\/wp-json\/wp\/v2\/types\/post"}],"author":[{"embeddable":true,"href":"https:\/\/tvbelas.com\/tvbelas\/wp-json\/wp\/v2\/users\/1"}],"replies":[{"embeddable":true,"href":"https:\/\/tvbelas.com\/tvbelas\/wp-json\/wp\/v2\/comments?post=13895"}],"version-history":[{"count":1,"href":"https:\/\/tvbelas.com\/tvbelas\/wp-json\/wp\/v2\/posts\/13895\/revisions"}],"predecessor-version":[{"id":13896,"href":"https:\/\/tvbelas.com\/tvbelas\/wp-json\/wp\/v2\/posts\/13895\/revisions\/13896"}],"wp:featuredmedia":[{"embeddable":true,"href":"https:\/\/tvbelas.com\/tvbelas\/wp-json\/wp\/v2\/media\/13795"}],"wp:attachment":[{"href":"https:\/\/tvbelas.com\/tvbelas\/wp-json\/wp\/v2\/media?parent=13895"}],"wp:term":[{"taxonomy":"category","embeddable":true,"href":"https:\/\/tvbelas.com\/tvbelas\/wp-json\/wp\/v2\/categories?post=13895"},{"taxonomy":"post_tag","embeddable":true,"href":"https:\/\/tvbelas.com\/tvbelas\/wp-json\/wp\/v2\/tags?post=13895"}],"curies":[{"name":"wp","href":"https:\/\/api.w.org\/{rel}","templated":true}]}}