{"id":13917,"date":"2023-03-16T10:09:28","date_gmt":"2023-03-16T09:09:28","guid":{"rendered":"http:\/\/tvbelas.com\/tvbelas\/?p=13917"},"modified":"2023-03-16T10:09:32","modified_gmt":"2023-03-16T09:09:32","slug":"victor-fernandes-garante-producao-suficiente-de-milho-para-abastecer-a-reserva-estrategica-alimentar-em-angola","status":"publish","type":"post","link":"https:\/\/tvbelas.com\/tvbelas\/noticias\/economia-angola\/victor-fernandes-garante-producao-suficiente-de-milho-para-abastecer-a-reserva-estrategica-alimentar-em-angola\/","title":{"rendered":"VICTOR FERNANDES GARANTE \u00a0PRODU\u00c7\u00c3O SUFICIENTE DE MILHO PARA ABASTECER A RESERVA ESTRAT\u00c9GICA ALIMENTAR EM ANGOLA"},"content":{"rendered":"\n<p>O ministro da Ind\u00fastria e Com\u00e9rcio, Victor Fernandes, garantiu hoje, 15 de Mar\u00e7o, no munic\u00edpio do Wacocungo, prov\u00edncia do Cuanza-Sul, que em 2023, o pa\u00eds n\u00e3o ir\u00e1 importar milho para abastecer o stock da Reserva Estrat\u00e9gica Alimentar (REA), como resultado do programa de fomento agr\u00edcola lan\u00e7ado h\u00e1 um ano pelo executivo.<\/p>\n\n\n\n<figure class=\"wp-block-image size-large\"><img loading=\"lazy\" decoding=\"async\" width=\"1024\" height=\"682\" src=\"http:\/\/tvbelas.com\/tvbelas\/wp-content\/uploads\/2023\/03\/335064158_777992747229735_2166582067974985791_n-1-1024x682.jpg\" alt=\"\" class=\"wp-image-13918\" srcset=\"https:\/\/tvbelas.com\/tvbelas\/wp-content\/uploads\/2023\/03\/335064158_777992747229735_2166582067974985791_n-1-1024x682.jpg 1024w, https:\/\/tvbelas.com\/tvbelas\/wp-content\/uploads\/2023\/03\/335064158_777992747229735_2166582067974985791_n-1-300x200.jpg 300w, https:\/\/tvbelas.com\/tvbelas\/wp-content\/uploads\/2023\/03\/335064158_777992747229735_2166582067974985791_n-1-768x512.jpg 768w, https:\/\/tvbelas.com\/tvbelas\/wp-content\/uploads\/2023\/03\/335064158_777992747229735_2166582067974985791_n-1-1536x1023.jpg 1536w, https:\/\/tvbelas.com\/tvbelas\/wp-content\/uploads\/2023\/03\/335064158_777992747229735_2166582067974985791_n-1-150x100.jpg 150w, https:\/\/tvbelas.com\/tvbelas\/wp-content\/uploads\/2023\/03\/335064158_777992747229735_2166582067974985791_n-1-696x464.jpg 696w, https:\/\/tvbelas.com\/tvbelas\/wp-content\/uploads\/2023\/03\/335064158_777992747229735_2166582067974985791_n-1-1068x712.jpg 1068w, https:\/\/tvbelas.com\/tvbelas\/wp-content\/uploads\/2023\/03\/335064158_777992747229735_2166582067974985791_n-1-630x420.jpg 630w, https:\/\/tvbelas.com\/tvbelas\/wp-content\/uploads\/2023\/03\/335064158_777992747229735_2166582067974985791_n-1.jpg 1600w\" sizes=\"auto, (max-width: 1024px) 100vw, 1024px\" \/><figcaption class=\"wp-element-caption\">Victor Fernandes.<\/figcaption><\/figure>\n\n\n\n<p>O ministro sublinhou que a REA n\u00e3o ser\u00e1 o operador da absor\u00e7\u00e3o da produ\u00e7\u00e3o nacional.<\/p>\n\n\n\n<p>&#8220;A REA \u00e9 s\u00f3 um instrumento que vai absorver uma parte da produ\u00e7\u00e3o nacional. O que se pretende com esse fomento que estamos a fazer, \u00e9 que o cont\u00e1gio se fa\u00e7a para toda a sociedade e que o mercado funcione de forma normal&#8221;, alertou Victor Fernandes.<\/p>\n\n\n\n<p>Ainda segundo o governante, era desej\u00e1vel que os outros produtos que fazem parte da lista que a Reserva Estrat\u00e9gica Alimentar tem de armazenar, tamb\u00e9m se possa fomentar esta produ\u00e7\u00e3o para que n\u00e3o haja a necessidade de import\u00e1-los.<\/p>\n\n\n\n<p>Por sua vez, o ministro da Agricultura e Florestas, Ant\u00f3nio de Assis, insistiu na necessidade de se capacitar t\u00e9cnica e cientificamente os agricultores nacionais para o fomento das suas produtividades.<\/p>\n\n\n\n<p>Este projecto envolve os Minist\u00e9rios da Ind\u00fastria e Com\u00e9rcio, da Agricultura e Florestas e o Grupo Carrinho e abrange 58 mil fam\u00edlias que se dedicam a agricultura familiar em todo o territ\u00f3rio nacional.<\/p>\n\n\n\n<p>Confira as imagens:<\/p>\n\n\n\n<figure class=\"wp-block-gallery has-nested-images columns-default is-cropped wp-block-gallery-1 is-layout-flex wp-block-gallery-is-layout-flex\">\n<figure class=\"wp-block-image\"><img decoding=\"async\" src=\"blob:http:\/\/tvbelas.com\/tvbelas\/b9234d87-ed11-4715-9e2b-b2211a1f4b7d\" alt=\"\"\/><\/figure>\n\n\n\n<figure class=\"wp-block-image\"><img decoding=\"async\" src=\"blob:http:\/\/tvbelas.com\/tvbelas\/3f7944d7-1065-4f91-85b3-c54dd97a3812\" alt=\"\"\/><\/figure>\n\n\n\n<figure class=\"wp-block-image\"><img decoding=\"async\" src=\"blob:http:\/\/tvbelas.com\/tvbelas\/4ce2f11d-e8a3-4814-a67c-dc97a46cabef\" alt=\"\"\/><\/figure>\n\n\n\n<figure class=\"wp-block-image\"><img decoding=\"async\" src=\"blob:http:\/\/tvbelas.com\/tvbelas\/fb0b7c17-8ef9-4009-8838-5b06cda5fd16\" alt=\"\"\/><\/figure>\n\n\n\n<figure class=\"wp-block-image\"><img decoding=\"async\" src=\"blob:http:\/\/tvbelas.com\/tvbelas\/d802211b-9cca-472e-89b0-d7f2f07bb4f6\" alt=\"\"\/><\/figure>\n\n\n\n<figure class=\"wp-block-image\"><img decoding=\"async\" src=\"blob:http:\/\/tvbelas.com\/tvbelas\/0d9cf67b-5476-4ab4-a2b7-8e24619ba6a6\" alt=\"\"\/><\/figure>\n\n\n\n<figure class=\"wp-block-image\"><img decoding=\"async\" src=\"blob:http:\/\/tvbelas.com\/tvbelas\/902fe5f1-3ce4-429d-8beb-6b7ac1ac3596\" alt=\"\"\/><\/figure>\n\n\n\n<figure class=\"wp-block-image\"><img decoding=\"async\" src=\"blob:http:\/\/tvbelas.com\/tvbelas\/cdacf143-dd97-48d8-a73d-95ccc3a06fc8\" alt=\"\"\/><\/figure>\n\n\n\n<figure class=\"wp-block-image\"><img decoding=\"async\" src=\"blob:http:\/\/tvbelas.com\/tvbelas\/32a50557-4618-4d6d-8d7c-59fcf3611c3b\" alt=\"\"\/><\/figure>\n\n\n\n<figure class=\"wp-block-image\"><img decoding=\"async\" src=\"blob:http:\/\/tvbelas.com\/tvbelas\/a2f64ef1-24f6-471e-a3a2-b3d6e6001261\" alt=\"\"\/><\/figure>\n\n\n\n<figure class=\"wp-block-image\"><img decoding=\"async\" src=\"blob:http:\/\/tvbelas.com\/tvbelas\/0410d853-ac77-4d5a-a206-f57571c223c9\" alt=\"\"\/><\/figure>\n\n\n\n<figure class=\"wp-block-image\"><img decoding=\"async\" src=\"blob:http:\/\/tvbelas.com\/tvbelas\/9625c9ed-c71e-40bb-87cd-2544f715e87e\" alt=\"\"\/><\/figure>\n\n\n\n<figure class=\"wp-block-image\"><img decoding=\"async\" src=\"blob:http:\/\/tvbelas.com\/tvbelas\/e089a82e-2cd8-46bb-8f9c-db6c0e6ad8a5\" alt=\"\"\/><\/figure>\n\n\n\n<figure class=\"wp-block-image\"><img decoding=\"async\" src=\"blob:http:\/\/tvbelas.com\/tvbelas\/b732c04d-7d41-4ec3-b944-51afbdb5d0df\" alt=\"\"\/><\/figure>\n\n\n\n<figure class=\"wp-block-image\"><img decoding=\"async\" src=\"blob:http:\/\/tvbelas.com\/tvbelas\/b934e2e3-3aef-4f6a-877c-e8337ce69714\" alt=\"\"\/><\/figure>\n<\/figure>\n\n\n\n<p><\/p>\n","protected":false},"excerpt":{"rendered":"<p>O ministro da Ind\u00fastria e Com\u00e9rcio, Victor Fernandes, garantiu hoje, 15 de Mar\u00e7o, no munic\u00edpio do Wacocungo, prov\u00edncia do Cuanza-Sul, que em 2023, o pa\u00eds n\u00e3o ir\u00e1 importar milho para abastecer o stock da Reserva Estrat\u00e9gica Alimentar (REA), como resultado do programa de fomento agr\u00edcola lan\u00e7ado h\u00e1 um ano pelo executivo. O ministro sublinhou que [&hellip;]<\/p>\n","protected":false},"author":1,"featured_media":13911,"comment_status":"open","ping_status":"open","sticky":false,"template":"","format":"standard","meta":{"footnotes":""},"categories":[20],"tags":[],"class_list":{"0":"post-13917","1":"post","2":"type-post","3":"status-publish","4":"format-standard","5":"has-post-thumbnail","7":"category-economia-angola"},"amp_enabled":true,"_links":{"self":[{"href":"https:\/\/tvbelas.com\/tvbelas\/wp-json\/wp\/v2\/posts\/13917","targetHints":{"allow":["GET"]}}],"collection":[{"href":"https:\/\/tvbelas.com\/tvbelas\/wp-json\/wp\/v2\/posts"}],"about":[{"href":"https:\/\/tvbelas.com\/tvbelas\/wp-json\/wp\/v2\/types\/post"}],"author":[{"embeddable":true,"href":"https:\/\/tvbelas.com\/tvbelas\/wp-json\/wp\/v2\/users\/1"}],"replies":[{"embeddable":true,"href":"https:\/\/tvbelas.com\/tvbelas\/wp-json\/wp\/v2\/comments?post=13917"}],"version-history":[{"count":2,"href":"https:\/\/tvbelas.com\/tvbelas\/wp-json\/wp\/v2\/posts\/13917\/revisions"}],"predecessor-version":[{"id":13935,"href":"https:\/\/tvbelas.com\/tvbelas\/wp-json\/wp\/v2\/posts\/13917\/revisions\/13935"}],"wp:featuredmedia":[{"embeddable":true,"href":"https:\/\/tvbelas.com\/tvbelas\/wp-json\/wp\/v2\/media\/13911"}],"wp:attachment":[{"href":"https:\/\/tvbelas.com\/tvbelas\/wp-json\/wp\/v2\/media?parent=13917"}],"wp:term":[{"taxonomy":"category","embeddable":true,"href":"https:\/\/tvbelas.com\/tvbelas\/wp-json\/wp\/v2\/categories?post=13917"},{"taxonomy":"post_tag","embeddable":true,"href":"https:\/\/tvbelas.com\/tvbelas\/wp-json\/wp\/v2\/tags?post=13917"}],"curies":[{"name":"wp","href":"https:\/\/api.w.org\/{rel}","templated":true}]}}