{"id":14024,"date":"2023-03-22T23:29:25","date_gmt":"2023-03-22T22:29:25","guid":{"rendered":"http:\/\/tvbelas.com\/tvbelas\/?p=14024"},"modified":"2023-03-22T23:29:27","modified_gmt":"2023-03-22T22:29:27","slug":"o-ramada-2023-esta-previsto-para-comecar-na-quinta-feira-23-de-marco-de-2023","status":"publish","type":"post","link":"https:\/\/tvbelas.com\/tvbelas\/noticias\/sociedade\/o-ramada-2023-esta-previsto-para-comecar-na-quinta-feira-23-de-marco-de-2023\/","title":{"rendered":"O RAMAD\u00c3 2023\u00a0 EST\u00c1\u00a0 PREVISTO PARA COME\u00c7AR NA QUINTA-FEIRA, 23 DE MAR\u00c7O DE 2023"},"content":{"rendered":"\n<p>O Ramad\u00e3 2023 est\u00e1 previsto para come\u00e7ar nesta quinta-feira, 23 de mar\u00e7o de 2023 (de acordo com informa\u00e7\u00f5es que chegam da Ar\u00e1bia Saudita), e terminar\u00e1 na quinta-feira, 20 de abril de 2023. O Eid al Fitr 2023 est\u00e1 previsto para ser celebrado na sexta-feira, 21 de abril de 2023. Este \u00e9 a data provis\u00f3ria, como a data real de in\u00edcio do Ramad\u00e3 2023 est\u00e1 sujeita ao avistamento da lua.<\/p>\n\n\n\n<p>O que \u00e9 o Ramad\u00e3?<\/p>\n\n\n\n<p>O Ramad\u00e3 \u00e9 o 9\u00ba m\u00eas no calend\u00e1rio isl\u00e2mico\/calend\u00e1rio isl\u00e2mico . A dura\u00e7\u00e3o do m\u00eas varia entre 29 e 30 dias, dependendo do avistamento da Lua Shawwal, que leva ao t\u00e3o esperado festival isl\u00e2mico de Eid ul Fitr no dia 1\u00ba de Shawwal. O Ramad\u00e3 \u00e9 um dos Cinco Pilares do Isl\u00e3 e, durante este m\u00eas sagrado, o Alcor\u00e3o foi revelado pela primeira vez ao Profeta Maom\u00e9 (SAW). A palavra &#8216;Ramadan&#8217; vem do mundo \u00e1rabe &#8216;Ramad \/ Ramida&#8217;, que significa calor escaldante ou seca. Portanto, a palavra Ramad\u00e3 significa abstin\u00eancia de comer e\/ou beber qualquer coisa desde o amanhecer at\u00e9 o anoitecer.<\/p>\n\n\n\n<p>O jejum \u00e9 obrigat\u00f3rio durante o Ramad\u00e3:<\/p>\n\n\n\n<p>Milh\u00f5es de mu\u00e7ulmanos em todo o mundo observam o jejum desde o amanhecer at\u00e9 o anoitecer durante todo o m\u00eas do Ramad\u00e3, pois este \u00e9 o m\u00eas mais sagrado para toda a Ummah mu\u00e7ulmana.<\/p>\n\n\n\n<p>A palavra Jejum tem palavras diferentes em diferentes idiomas ao redor do mundo. \u00c9 conhecido como &#8216;ayuno&#8217; em espanhol, &#8216;Je\u00fbne&#8217; em franc\u00eas, &#8216;Perhiz&#8217; em turco, &#8216;\u0635\u0648\u0645\/ \u0635\u064a\u0627\u0645&#8217; em \u00e1rabe e &#8216;Puasa&#8217; em indon\u00e9sio e malaio. A palavra &#8216;Sawm \/ Siyam&#8217; (\u0635\u0648\u0645\/ \u0635\u064a\u0627\u0645) significa abster-se ou abster-se de algo. Significa abster-se de comida, bebida, rela\u00e7\u00f5es sexuais e tudo o que quebra o jejum com a \u00fanica inten\u00e7\u00e3o de obedecer aos mandamentos de Allah. Quem nega esta obriga\u00e7\u00e3o de jejuar durante o Ramad\u00e3 n\u00e3o permanece mu\u00e7ulmano.<\/p>\n\n\n\n<p>A comida consumida antes da hora do Fajr \u00e9 conhecida como &#8216;Suhoor&#8217; e a comida consumida ap\u00f3s o p\u00f4r do sol (Maghrib Salah) \u00e9 conhecida como &#8216;Iftar&#8217; .<\/p>\n\n\n\n<p>Clique aqui para Ramadan Duas<\/p>\n\n\n\n<p>O jejum tornou-se obrigat\u00f3rio durante o m\u00eas do Ramad\u00e3 para todos os mu\u00e7ulmanos adultos no segundo ano do Hijri (migra\u00e7\u00e3o de Makkah para Madinah dos mu\u00e7ulmanos). Como Allah Todo-Poderoso diz no Alcor\u00e3o:<\/p>\n\n\n\n<p>\u201cOh voc\u00ea que acredita! O jejum \u00e9 prescrito para voc\u00ea como foi prescrito para aqueles antes de voc\u00ea, para que voc\u00ea aprenda a piedade e a justi\u00e7a.<\/p>\n\n\n\n<p>(Sura Al-Baqarah: 2:183)<\/p>\n\n\n\n<p>Quem est\u00e1 dispensado do Jejum:<\/p>\n\n\n\n<p>Embora o jejum no Ramad\u00e3 seja obrigat\u00f3rio para todos os mu\u00e7ulmanos capazes, Allah perdoou e desculpou certas pessoas de jejuar se n\u00e3o puderem jejuar durante o Ramad\u00e3 devido a certas raz\u00f5es leg\u00edtimas. Na Sura Al-Baqarah (2:185) , Allah mencionou claramente que pessoas doentes e viajantes est\u00e3o isentos de jejuar durante o Ramad\u00e3. Al\u00e9m disso, \u00e0 luz desta Ayah e de acordo com muitos estudiosos, as seguintes pessoas tamb\u00e9m est\u00e3o isentas do jejum:<\/p>\n\n\n\n<p>1- Pessoas com doen\u00e7as f\u00edsicas ou mentais<\/p>\n\n\n\n<p>2- Viajantes<\/p>\n\n\n\n<p>3- Mulheres durante a menstrua\u00e7\u00e3o<\/p>\n\n\n\n<p>4- Mulheres gr\u00e1vidas ou amamentando.<\/p>\n\n\n\n<p>5- Idosos (se o jejum piorar ainda mais a sa\u00fade)<\/p>\n\n\n\n<p>6- Crian\u00e7as que n\u00e3o atingiram a puberdade<\/p>\n\n\n\n<p>Coisas que invalidam o Jejum<\/p>\n\n\n\n<p>As coisas que invalidam o jejum s\u00e3o :<\/p>\n\n\n\n<p>1- Medica\u00e7\u00e3o tomada pelo nariz ou ouvidos<\/p>\n\n\n\n<p>2- Vomitar intencionalmente<\/p>\n\n\n\n<p>3- A \u00e1gua desce acidentalmente pela garganta durante o gargarejo<\/p>\n\n\n\n<p>4- Ejacular por contato com mulher<\/p>\n\n\n\n<p>5- Engolir itens<\/p>\n\n\n\n<p>6- Fumar um cigarro<\/p>\n\n\n\n<p>7- Continuar a comer ou beber depois de comer ou beber sem querer e presumir que o jejum j\u00e1 foi quebrado<\/p>\n\n\n\n<p>8- Comer depois do Suhoor \/ Subh Sadiq \/ Sehri (hor\u00e1rio de in\u00edcio do Jejum antes do Fajr Salah) com a impress\u00e3o de ser antes do Suhoor \/ Subh Sadiq<\/p>\n\n\n\n<p>9- Comer Iftar (refei\u00e7\u00e3o a ser consumida ap\u00f3s quebrar o jejum no Maghrib Salah) na hora errada, ou seja, com\u00ea-lo antes do p\u00f4r do sol com a suposi\u00e7\u00e3o de que \u00e9 depois do p\u00f4r do sol<\/p>\n\n\n\n<p>M\u00eas das B\u00ean\u00e7\u00e3os de Allah:<\/p>\n\n\n\n<p>O m\u00eas do Ramad\u00e3 \u00e9 uma oportunidade dada pelo Gracioso Criador para que Seus servos se aproximem Dele, busquem perd\u00e3o por seus pecados e cumpram seus deveres religiosos. Allah disse no Alcor\u00e3o:<\/p>\n\n\n\n<p>\u201c\u2026 e os homens que jejuam e as mulheres que jejuam, \u2026 Allah preparou para eles o perd\u00e3o e uma grande recompensa.\u201d<\/p>\n\n\n\n<p>( Sura Al-Ahzab, 33:35 )<\/p>\n\n\n\n<p><\/p>\n","protected":false},"excerpt":{"rendered":"<p>O Ramad\u00e3 2023 est\u00e1 previsto para come\u00e7ar nesta quinta-feira, 23 de mar\u00e7o de 2023 (de acordo com informa\u00e7\u00f5es que chegam da Ar\u00e1bia Saudita), e terminar\u00e1 na quinta-feira, 20 de abril de 2023. O Eid al Fitr 2023 est\u00e1 previsto para ser celebrado na sexta-feira, 21 de abril de 2023. Este \u00e9 a data provis\u00f3ria, como [&hellip;]<\/p>\n","protected":false},"author":1,"featured_media":14026,"comment_status":"open","ping_status":"open","sticky":false,"template":"","format":"standard","meta":{"footnotes":""},"categories":[15],"tags":[],"class_list":{"0":"post-14024","1":"post","2":"type-post","3":"status-publish","4":"format-standard","5":"has-post-thumbnail","7":"category-sociedade"},"amp_enabled":true,"_links":{"self":[{"href":"https:\/\/tvbelas.com\/tvbelas\/wp-json\/wp\/v2\/posts\/14024","targetHints":{"allow":["GET"]}}],"collection":[{"href":"https:\/\/tvbelas.com\/tvbelas\/wp-json\/wp\/v2\/posts"}],"about":[{"href":"https:\/\/tvbelas.com\/tvbelas\/wp-json\/wp\/v2\/types\/post"}],"author":[{"embeddable":true,"href":"https:\/\/tvbelas.com\/tvbelas\/wp-json\/wp\/v2\/users\/1"}],"replies":[{"embeddable":true,"href":"https:\/\/tvbelas.com\/tvbelas\/wp-json\/wp\/v2\/comments?post=14024"}],"version-history":[{"count":1,"href":"https:\/\/tvbelas.com\/tvbelas\/wp-json\/wp\/v2\/posts\/14024\/revisions"}],"predecessor-version":[{"id":14027,"href":"https:\/\/tvbelas.com\/tvbelas\/wp-json\/wp\/v2\/posts\/14024\/revisions\/14027"}],"wp:featuredmedia":[{"embeddable":true,"href":"https:\/\/tvbelas.com\/tvbelas\/wp-json\/wp\/v2\/media\/14026"}],"wp:attachment":[{"href":"https:\/\/tvbelas.com\/tvbelas\/wp-json\/wp\/v2\/media?parent=14024"}],"wp:term":[{"taxonomy":"category","embeddable":true,"href":"https:\/\/tvbelas.com\/tvbelas\/wp-json\/wp\/v2\/categories?post=14024"},{"taxonomy":"post_tag","embeddable":true,"href":"https:\/\/tvbelas.com\/tvbelas\/wp-json\/wp\/v2\/tags?post=14024"}],"curies":[{"name":"wp","href":"https:\/\/api.w.org\/{rel}","templated":true}]}}