{"id":14028,"date":"2023-03-24T17:48:36","date_gmt":"2023-03-24T16:48:36","guid":{"rendered":"http:\/\/tvbelas.com\/tvbelas\/?p=14028"},"modified":"2023-03-24T17:48:38","modified_gmt":"2023-03-24T16:48:38","slug":"angola-e-brasil-preparam-comissao-mista-para-reforco-de-cooperacao-segundo-tete-antonio-ministro-das-relacoes-exteriores","status":"publish","type":"post","link":"https:\/\/tvbelas.com\/tvbelas\/noticias\/politica-angola\/angola-e-brasil-preparam-comissao-mista-para-reforco-de-cooperacao-segundo-tete-antonio-ministro-das-relacoes-exteriores\/","title":{"rendered":"ANGOLA E BRASIL PREPARAM COMISS\u00c3O MISTA PARA REFOR\u00c7O DE COOPERA\u00c7\u00c3O\u00a0SEGUNDO T\u00c9TE ANT\u00d3NIO MINISTRO DAS RELA\u00c7\u00d5ES EXTERIORES"},"content":{"rendered":"\n<p>Para a prepara\u00e7\u00e3o e concretiza\u00e7\u00e3o deste evento, o ministro angolano das Rela\u00e7\u00f5es Exteriores, T\u00e9te Ant\u00f3nio, manteve, quarta-feira, uma conversa telef\u00f3nica com o ministro dos Neg\u00f3cios Estrangeiros da Rep\u00fablica Federativa do Brasil, segundo uma nota de imprensa chegada esta quinta-feira \u00e0 ANGOP.&nbsp;&nbsp;<\/p>\n\n\n\n<p>Durante o contacto telef\u00f3nico, os dois governantes falaram das rela\u00e7\u00f5es pol\u00edticas privilegiadas entre Angola e o Brasil, proximidades geogr\u00e1ficas e culturais que unem os dois pa\u00edses e povos, assim como abordaram quest\u00f5es relacionadas com a Comunidade de Pa\u00edses de L\u00edngua Portuguesa (CPLP).&nbsp;&nbsp;<\/p>\n\n\n\n<p>Entre os temas tratados, destaca-se o refor\u00e7o do pilar econ\u00f3mico proposto por Angola, atrav\u00e9s da cria\u00e7\u00e3o de uma estrutura dedicada ao assunto dentro do secretariado da organiza\u00e7\u00e3o.&nbsp;&nbsp;<\/p>\n\n\n\n<p>Na ocasi\u00e3o, o governante brasileiro manifestou o interesse de relan\u00e7ar a parceria estrat\u00e9gica com Angola, apostando numa forte carteira de investimentos, estimada em 1,7 mil milh\u00f5es de euros, para os sectores de energia, agro-ind\u00fastria, farmac\u00eautica, constru\u00e7\u00e3o e turismo.&nbsp;&nbsp;<\/p>\n\n\n\n<p>Esta coopera\u00e7\u00e3o inclui tamb\u00e9m o programa de cultivo de arroz, associado a um projecto agro-industrial de arroz, milho e feij\u00e3o, da empresa brasileira Ruzene, em parceria com a angolana S\u00edlaba, que est\u00e1 a ser estruturado financeiramente com um banco angolano.&nbsp;&nbsp;<\/p>\n\n\n\n<p>Consta tamb\u00e9m da agenda brasileira, o desenvolvimento agr\u00edcola de per\u00edmetros irrigados, tendo em vista os projectos do Governo angolano para o combate \u00e0 seca no Cunene e a experi\u00eancia deste pa\u00eds na irriga\u00e7\u00e3o e apoio \u00e0 agricultura familiar.&nbsp;&nbsp;<\/p>\n\n\n\n<p>De acordo com o ministro angolano das Rela\u00e7\u00f5es Exteriores, T\u00e9te Ant\u00f3nio, a&nbsp; experi\u00eancia do Brasil no sector da Agro-pecu\u00e1ria \u00e9 bem-vinda, por ajudar a promover e aprofundar a coopera\u00e7\u00e3o neste dom\u00ednio.&nbsp;&nbsp;<\/p>\n\n\n\n<p>A coopera\u00e7\u00e3o entre Angola e o Brasil come\u00e7ou a desenhar-se no dia 11 de Junho de 1980, com a assinatura do Acordo de Coopera\u00e7\u00e3o Econ\u00f3mica, Cient\u00edfica e T\u00e9cnica.&nbsp;&nbsp;<\/p>\n\n\n\n<p>No \u00e2mbito desse acordo, os dois pa\u00edses desenvolveram a coopera\u00e7\u00e3o nas \u00e1reas da defesa, sa\u00fade, cultura, administra\u00e7\u00e3o p\u00fablica, forma\u00e7\u00e3o profissional, educa\u00e7\u00e3o, meio ambiente, desporto, estat\u00edstica e agricultura.&nbsp;&nbsp;<\/p>\n\n\n\n<p>Angola e o Brasil t\u00eam, igualmente, trabalhado para o refor\u00e7o e aprofundamento do seu relacionamento no \u00e2mbito da CPLP, com realce para as quest\u00f5es dos acordos de mobilidade, facilita\u00e7\u00e3o de investimento e da dupla tributa\u00e7\u00e3o. QCB\/AL<\/p>\n","protected":false},"excerpt":{"rendered":"<p>Para a prepara\u00e7\u00e3o e concretiza\u00e7\u00e3o deste evento, o ministro angolano das Rela\u00e7\u00f5es Exteriores, T\u00e9te Ant\u00f3nio, manteve, quarta-feira, uma conversa telef\u00f3nica com o ministro dos Neg\u00f3cios Estrangeiros da Rep\u00fablica Federativa do Brasil, segundo uma nota de imprensa chegada esta quinta-feira \u00e0 ANGOP.&nbsp;&nbsp; Durante o contacto telef\u00f3nico, os dois governantes falaram das rela\u00e7\u00f5es pol\u00edticas privilegiadas entre Angola [&hellip;]<\/p>\n","protected":false},"author":1,"featured_media":14029,"comment_status":"open","ping_status":"open","sticky":false,"template":"","format":"standard","meta":{"footnotes":""},"categories":[12],"tags":[],"class_list":{"0":"post-14028","1":"post","2":"type-post","3":"status-publish","4":"format-standard","5":"has-post-thumbnail","7":"category-politica-angola"},"amp_enabled":true,"_links":{"self":[{"href":"https:\/\/tvbelas.com\/tvbelas\/wp-json\/wp\/v2\/posts\/14028","targetHints":{"allow":["GET"]}}],"collection":[{"href":"https:\/\/tvbelas.com\/tvbelas\/wp-json\/wp\/v2\/posts"}],"about":[{"href":"https:\/\/tvbelas.com\/tvbelas\/wp-json\/wp\/v2\/types\/post"}],"author":[{"embeddable":true,"href":"https:\/\/tvbelas.com\/tvbelas\/wp-json\/wp\/v2\/users\/1"}],"replies":[{"embeddable":true,"href":"https:\/\/tvbelas.com\/tvbelas\/wp-json\/wp\/v2\/comments?post=14028"}],"version-history":[{"count":1,"href":"https:\/\/tvbelas.com\/tvbelas\/wp-json\/wp\/v2\/posts\/14028\/revisions"}],"predecessor-version":[{"id":14030,"href":"https:\/\/tvbelas.com\/tvbelas\/wp-json\/wp\/v2\/posts\/14028\/revisions\/14030"}],"wp:featuredmedia":[{"embeddable":true,"href":"https:\/\/tvbelas.com\/tvbelas\/wp-json\/wp\/v2\/media\/14029"}],"wp:attachment":[{"href":"https:\/\/tvbelas.com\/tvbelas\/wp-json\/wp\/v2\/media?parent=14028"}],"wp:term":[{"taxonomy":"category","embeddable":true,"href":"https:\/\/tvbelas.com\/tvbelas\/wp-json\/wp\/v2\/categories?post=14028"},{"taxonomy":"post_tag","embeddable":true,"href":"https:\/\/tvbelas.com\/tvbelas\/wp-json\/wp\/v2\/tags?post=14028"}],"curies":[{"name":"wp","href":"https:\/\/api.w.org\/{rel}","templated":true}]}}