{"id":14037,"date":"2023-03-25T09:47:44","date_gmt":"2023-03-25T08:47:44","guid":{"rendered":"http:\/\/tvbelas.com\/tvbelas\/?p=14037"},"modified":"2023-03-25T09:47:45","modified_gmt":"2023-03-25T08:47:45","slug":"enapp-adia-testes-psicotecnicos-on-line-para-acesso-ao-concurso-da-agt","status":"publish","type":"post","link":"https:\/\/tvbelas.com\/tvbelas\/noticias\/sociedade\/enapp-adia-testes-psicotecnicos-on-line-para-acesso-ao-concurso-da-agt\/","title":{"rendered":"(ENAPP) ADIA TESTES PSICOT\u00c9CNICOS ON-LINE PARA ACESSO AO CONCURSO DA AGT"},"content":{"rendered":"\n<p>A Escola Nacional de Administra\u00e7\u00e3o e Pol\u00edticas P\u00fablicas (ENAPP) informou neste sabado, 25, que a realiza\u00e7\u00e3o dos testes psicot\u00e9cnicos, antes agendada para este s\u00e1bado, fica adiada por &#8220;raz\u00f5es de natureza t\u00e9cnica&#8221;.<\/p>\n\n\n\n<p>Confira o comunicado abaixo o comunicado.<\/p>\n\n\n\n<figure class=\"wp-block-image size-full\"><img loading=\"lazy\" decoding=\"async\" width=\"679\" height=\"960\" src=\"http:\/\/tvbelas.com\/tvbelas\/wp-content\/uploads\/2023\/03\/337157202_158018630511658_4810106601339762052_n.jpg\" alt=\"\" class=\"wp-image-14038\" srcset=\"https:\/\/tvbelas.com\/tvbelas\/wp-content\/uploads\/2023\/03\/337157202_158018630511658_4810106601339762052_n.jpg 679w, https:\/\/tvbelas.com\/tvbelas\/wp-content\/uploads\/2023\/03\/337157202_158018630511658_4810106601339762052_n-212x300.jpg 212w, https:\/\/tvbelas.com\/tvbelas\/wp-content\/uploads\/2023\/03\/337157202_158018630511658_4810106601339762052_n-150x212.jpg 150w, https:\/\/tvbelas.com\/tvbelas\/wp-content\/uploads\/2023\/03\/337157202_158018630511658_4810106601339762052_n-300x424.jpg 300w, https:\/\/tvbelas.com\/tvbelas\/wp-content\/uploads\/2023\/03\/337157202_158018630511658_4810106601339762052_n-297x420.jpg 297w\" sizes=\"auto, (max-width: 679px) 100vw, 679px\" \/><\/figure>\n\n\n\n<p><\/p>\n","protected":false},"excerpt":{"rendered":"<p>A Escola Nacional de Administra\u00e7\u00e3o e Pol\u00edticas P\u00fablicas (ENAPP) informou neste sabado, 25, que a realiza\u00e7\u00e3o dos testes psicot\u00e9cnicos, antes agendada para este s\u00e1bado, fica adiada por &#8220;raz\u00f5es de natureza t\u00e9cnica&#8221;. Confira o comunicado abaixo o comunicado.<\/p>\n","protected":false},"author":1,"featured_media":14039,"comment_status":"open","ping_status":"open","sticky":false,"template":"","format":"standard","meta":{"footnotes":""},"categories":[15],"tags":[],"class_list":{"0":"post-14037","1":"post","2":"type-post","3":"status-publish","4":"format-standard","5":"has-post-thumbnail","7":"category-sociedade"},"amp_enabled":true,"_links":{"self":[{"href":"https:\/\/tvbelas.com\/tvbelas\/wp-json\/wp\/v2\/posts\/14037","targetHints":{"allow":["GET"]}}],"collection":[{"href":"https:\/\/tvbelas.com\/tvbelas\/wp-json\/wp\/v2\/posts"}],"about":[{"href":"https:\/\/tvbelas.com\/tvbelas\/wp-json\/wp\/v2\/types\/post"}],"author":[{"embeddable":true,"href":"https:\/\/tvbelas.com\/tvbelas\/wp-json\/wp\/v2\/users\/1"}],"replies":[{"embeddable":true,"href":"https:\/\/tvbelas.com\/tvbelas\/wp-json\/wp\/v2\/comments?post=14037"}],"version-history":[{"count":1,"href":"https:\/\/tvbelas.com\/tvbelas\/wp-json\/wp\/v2\/posts\/14037\/revisions"}],"predecessor-version":[{"id":14040,"href":"https:\/\/tvbelas.com\/tvbelas\/wp-json\/wp\/v2\/posts\/14037\/revisions\/14040"}],"wp:featuredmedia":[{"embeddable":true,"href":"https:\/\/tvbelas.com\/tvbelas\/wp-json\/wp\/v2\/media\/14039"}],"wp:attachment":[{"href":"https:\/\/tvbelas.com\/tvbelas\/wp-json\/wp\/v2\/media?parent=14037"}],"wp:term":[{"taxonomy":"category","embeddable":true,"href":"https:\/\/tvbelas.com\/tvbelas\/wp-json\/wp\/v2\/categories?post=14037"},{"taxonomy":"post_tag","embeddable":true,"href":"https:\/\/tvbelas.com\/tvbelas\/wp-json\/wp\/v2\/tags?post=14037"}],"curies":[{"name":"wp","href":"https:\/\/api.w.org\/{rel}","templated":true}]}}