{"id":14041,"date":"2023-03-25T10:07:58","date_gmt":"2023-03-25T09:07:58","guid":{"rendered":"http:\/\/tvbelas.com\/tvbelas\/?p=14041"},"modified":"2023-03-25T10:10:43","modified_gmt":"2023-03-25T09:10:43","slug":"predio-comandante-valodia-desaba-na-madrugada-deste-sabado","status":"publish","type":"post","link":"https:\/\/tvbelas.com\/tvbelas\/noticias\/sociedade\/predio-comandante-valodia-desaba-na-madrugada-deste-sabado\/","title":{"rendered":"PR\u00c9DIO COMANDANTE VAL\u00d3DIA DESABA NA MADRUGADA DESTE S\u00c1BADO&nbsp;"},"content":{"rendered":"\n<p>Um edif\u00edcio, situado na Avenida Comandante Val\u00f3dia, na zona do Kinaxixi, em Luanda, desabou na madrugada deste s\u00e1bado, 25, por volta das 2h00, ap\u00f3s os moradores terem recebido um alerta de perigo de desabamento do mesmo no in\u00edcio da noite desta sexta-feira, 24.<\/p>\n\n\n\n<p>No edif\u00edcio de seis andares moravam cerca de 18 fam\u00edlias, e as mesmas foram transferidas temporariamente para uma unidade hoteleira.\u00a0<\/p>\n\n\n\n<p>V\u00eddeos partilhados nas redes sociais mostram os instantes finais do edif\u00edcio ainda intacto, mas com claras evid\u00eancias de que n\u00e3o se manteria em p\u00e9 por muito mais tempo, uma vez que os pilares estavam todos a ceder.<\/p>\n\n\n\n<p>No v\u00eddeo, \u00e9 poss\u00edvel tamb\u00e9m ouvir uma mulher aos prantos, reclamando que tinha a m\u00e3e dentro do edif\u00edcio.<\/p>\n\n\n\n<p>Entretanto, O Servi\u00e7o de Protec\u00e7\u00e3o Civil e Bombeiros trabalha, neste momento, para encontrar eventuais v\u00edtimas nos escombros do edif\u00edcio 41 que desabou na madrugada deste s\u00e1bado, localizado na Avenida Comandante Val\u00f3dia, em Luanda.<\/p>\n\n\n\n<p>(Em Actualiza\u00e7\u00e3o)<\/p>\n","protected":false},"excerpt":{"rendered":"<p>Um edif\u00edcio, situado na Avenida Comandante Val\u00f3dia, na zona do Kinaxixi, em Luanda, desabou na madrugada deste s\u00e1bado, 25, por volta das 2h00, ap\u00f3s os moradores terem recebido um alerta de perigo de desabamento do mesmo no in\u00edcio da noite desta sexta-feira, 24. No edif\u00edcio de seis andares moravam cerca de 18 fam\u00edlias, e as [&hellip;]<\/p>\n","protected":false},"author":1,"featured_media":14042,"comment_status":"open","ping_status":"open","sticky":false,"template":"","format":"standard","meta":{"footnotes":""},"categories":[15],"tags":[],"class_list":{"0":"post-14041","1":"post","2":"type-post","3":"status-publish","4":"format-standard","5":"has-post-thumbnail","7":"category-sociedade"},"amp_enabled":true,"_links":{"self":[{"href":"https:\/\/tvbelas.com\/tvbelas\/wp-json\/wp\/v2\/posts\/14041","targetHints":{"allow":["GET"]}}],"collection":[{"href":"https:\/\/tvbelas.com\/tvbelas\/wp-json\/wp\/v2\/posts"}],"about":[{"href":"https:\/\/tvbelas.com\/tvbelas\/wp-json\/wp\/v2\/types\/post"}],"author":[{"embeddable":true,"href":"https:\/\/tvbelas.com\/tvbelas\/wp-json\/wp\/v2\/users\/1"}],"replies":[{"embeddable":true,"href":"https:\/\/tvbelas.com\/tvbelas\/wp-json\/wp\/v2\/comments?post=14041"}],"version-history":[{"count":2,"href":"https:\/\/tvbelas.com\/tvbelas\/wp-json\/wp\/v2\/posts\/14041\/revisions"}],"predecessor-version":[{"id":14044,"href":"https:\/\/tvbelas.com\/tvbelas\/wp-json\/wp\/v2\/posts\/14041\/revisions\/14044"}],"wp:featuredmedia":[{"embeddable":true,"href":"https:\/\/tvbelas.com\/tvbelas\/wp-json\/wp\/v2\/media\/14042"}],"wp:attachment":[{"href":"https:\/\/tvbelas.com\/tvbelas\/wp-json\/wp\/v2\/media?parent=14041"}],"wp:term":[{"taxonomy":"category","embeddable":true,"href":"https:\/\/tvbelas.com\/tvbelas\/wp-json\/wp\/v2\/categories?post=14041"},{"taxonomy":"post_tag","embeddable":true,"href":"https:\/\/tvbelas.com\/tvbelas\/wp-json\/wp\/v2\/tags?post=14041"}],"curies":[{"name":"wp","href":"https:\/\/api.w.org\/{rel}","templated":true}]}}