{"id":14140,"date":"2023-04-02T16:33:10","date_gmt":"2023-04-02T15:33:10","guid":{"rendered":"http:\/\/tvbelas.com\/tvbelas\/?p=14140"},"modified":"2023-04-02T16:41:05","modified_gmt":"2023-04-02T15:41:05","slug":"expo-industria-encerra-com-perspectivas-positivas","status":"publish","type":"post","link":"https:\/\/tvbelas.com\/tvbelas\/noticias\/economia-angola\/expo-industria-encerra-com-perspectivas-positivas\/","title":{"rendered":"<strong>EXPO-IND\u00daSTRIA ENCERRA COM PERSPECTIVAS POSITIVAS<\/strong>"},"content":{"rendered":"\n<p>O evento, que contou com a participa\u00e7\u00e3o de mais de 238 empresas, serviu para os empres\u00e1rios apresentarem as potencialidades do sector industrial nacional e debater diversos temas sobre o sector.<\/p>\n\n\n\n<p>O \u00faltimo dia da 5.\u00aa Edi\u00e7\u00e3o da Expo-Ind\u00fastria-2023, realizado de 29 de Mar\u00e7o a 1 de Abril, na Zona Econ\u00f3mica Especial (ZEE) Luanda-Bengo, foi reservado com entrega de pr\u00e9mios aos participantes, tendo sido o Grupo IMEX o grande vencedor.<\/p>\n\n\n\n<p>Fabrimel venceu na categoria de Melhor de Participa\u00e7\u00e3o de Ind\u00fastria de Bens de Produ\u00e7\u00e3o, enquanto a Fazenda 27 arrebatou o galard\u00e3o de Bens e Consumo, deixando a Beledear com a distin\u00e7\u00e3o da Ind\u00fastria Extractiva e a ICC como Melhor Empresa de Transforma\u00e7\u00e3o.<\/p>\n\n\n\n<p>Esta edi\u00e7\u00e3o foi promovida e realizada pela Eventos Arena, em parceria com o Minist\u00e9rio da Ind\u00fastria e Com\u00e9rcio. Teve a participa\u00e7\u00e3o de 238 empresas, que apresentaram as potencialidades do sector e perspectivam melhores dias da ind\u00fastria nacional.<\/p>\n\n\n\n<p>Esta 5.\u00aa Edi\u00e7\u00e3o da Expo-Ind\u00fastria 2023., que decorreu sob o lema &#8220;\u00c9 poss\u00edvel Caminharmos Juntos\u201d, foi aberto pelo Presidente da Rep\u00fablica, Jo\u00e3o Louren\u00e7o, cuja componente da valoriza\u00e7\u00e3o da produ\u00e7\u00e3o nacional foi um dos objectivos do evento.<\/p>\n","protected":false},"excerpt":{"rendered":"<p>O evento, que contou com a participa\u00e7\u00e3o de mais de 238 empresas, serviu para os empres\u00e1rios apresentarem as potencialidades do sector industrial nacional e debater diversos temas sobre o sector. O \u00faltimo dia da 5.\u00aa Edi\u00e7\u00e3o da Expo-Ind\u00fastria-2023, realizado de 29 de Mar\u00e7o a 1 de Abril, na Zona Econ\u00f3mica Especial (ZEE) Luanda-Bengo, foi reservado [&hellip;]<\/p>\n","protected":false},"author":1,"featured_media":14141,"comment_status":"open","ping_status":"open","sticky":false,"template":"","format":"standard","meta":{"footnotes":""},"categories":[20],"tags":[],"class_list":{"0":"post-14140","1":"post","2":"type-post","3":"status-publish","4":"format-standard","5":"has-post-thumbnail","7":"category-economia-angola"},"amp_enabled":true,"_links":{"self":[{"href":"https:\/\/tvbelas.com\/tvbelas\/wp-json\/wp\/v2\/posts\/14140","targetHints":{"allow":["GET"]}}],"collection":[{"href":"https:\/\/tvbelas.com\/tvbelas\/wp-json\/wp\/v2\/posts"}],"about":[{"href":"https:\/\/tvbelas.com\/tvbelas\/wp-json\/wp\/v2\/types\/post"}],"author":[{"embeddable":true,"href":"https:\/\/tvbelas.com\/tvbelas\/wp-json\/wp\/v2\/users\/1"}],"replies":[{"embeddable":true,"href":"https:\/\/tvbelas.com\/tvbelas\/wp-json\/wp\/v2\/comments?post=14140"}],"version-history":[{"count":2,"href":"https:\/\/tvbelas.com\/tvbelas\/wp-json\/wp\/v2\/posts\/14140\/revisions"}],"predecessor-version":[{"id":14143,"href":"https:\/\/tvbelas.com\/tvbelas\/wp-json\/wp\/v2\/posts\/14140\/revisions\/14143"}],"wp:featuredmedia":[{"embeddable":true,"href":"https:\/\/tvbelas.com\/tvbelas\/wp-json\/wp\/v2\/media\/14141"}],"wp:attachment":[{"href":"https:\/\/tvbelas.com\/tvbelas\/wp-json\/wp\/v2\/media?parent=14140"}],"wp:term":[{"taxonomy":"category","embeddable":true,"href":"https:\/\/tvbelas.com\/tvbelas\/wp-json\/wp\/v2\/categories?post=14140"},{"taxonomy":"post_tag","embeddable":true,"href":"https:\/\/tvbelas.com\/tvbelas\/wp-json\/wp\/v2\/tags?post=14140"}],"curies":[{"name":"wp","href":"https:\/\/api.w.org\/{rel}","templated":true}]}}