{"id":14212,"date":"2023-04-05T16:50:41","date_gmt":"2023-04-05T15:50:41","guid":{"rendered":"http:\/\/tvbelas.com\/tvbelas\/?p=14212"},"modified":"2023-04-05T16:50:42","modified_gmt":"2023-04-05T15:50:42","slug":"portugal-alargar-a-linha-de-credito-de-15-mil-milhoes-de-euros-para-dois-mil-milhoes-de-euros-garante-fernando-medina-ministro-das-financas-de-portugal","status":"publish","type":"post","link":"https:\/\/tvbelas.com\/tvbelas\/noticias\/politica-angola\/portugal-alargar-a-linha-de-credito-de-15-mil-milhoes-de-euros-para-dois-mil-milhoes-de-euros-garante-fernando-medina-ministro-das-financas-de-portugal\/","title":{"rendered":"PORTUGAL ALARGAR A LINHA DE CR\u00c9DITO DE 1,5 MIL MILH\u00d5ES DE EUROS PARA DOIS MIL MILH\u00d5ES DE EUROS GARANTE\u00a0 FERNANDO MEDINA MINISTRO DAS FINAN\u00c7AS DE PORTUGAL"},"content":{"rendered":"\n<p>O Presidente da Rep\u00fablica, Jo\u00e3o Louren\u00e7o, recebeu, esta quarta-feira, em audi\u00eancia o ministro das Finan\u00e7as de Portugal, Fernando Medina, com quem abordou o refor\u00e7o da coopera\u00e7\u00e3o entre os dois pa\u00edses.<\/p>\n\n\n\n<p>\u00c0 frente de uma delega\u00e7\u00e3o, que prepara tamb\u00e9m a vinda a Luanda, no m\u00eas de Junho do 1.\u00b0 Ministro de Portugal, Ant\u00f3nio Costa, Fernando Medina tem ainda previsto outros encontros com as autoridades do Banco Nacional de Angola, do Minist\u00e9rio da Economia e Planeamento, e outras entidades do Executivo angolano.<\/p>\n\n\n\n<p>Fernando Medina disse que se abordou igualmente as oportunidades de investimento no pa\u00eds, tendo o Chefe de Estado angolano definido, com muito rigor, sobre a import\u00e2ncia da diversifica\u00e7\u00e3o da base econ\u00f3mica produtiva de Angola, refor\u00e7o das infra-estruturas fundamentais e relativamente ao capital humano.<\/p>\n\n\n\n<figure class=\"wp-block-image size-large\"><img loading=\"lazy\" decoding=\"async\" width=\"1024\" height=\"658\" src=\"http:\/\/tvbelas.com\/tvbelas\/wp-content\/uploads\/2023\/04\/a92i5914.1296x0-is-pid157257-1024x658.jpg\" alt=\"\" class=\"wp-image-14213\" srcset=\"https:\/\/tvbelas.com\/tvbelas\/wp-content\/uploads\/2023\/04\/a92i5914.1296x0-is-pid157257-1024x658.jpg 1024w, https:\/\/tvbelas.com\/tvbelas\/wp-content\/uploads\/2023\/04\/a92i5914.1296x0-is-pid157257-300x193.jpg 300w, https:\/\/tvbelas.com\/tvbelas\/wp-content\/uploads\/2023\/04\/a92i5914.1296x0-is-pid157257-768x494.jpg 768w, https:\/\/tvbelas.com\/tvbelas\/wp-content\/uploads\/2023\/04\/a92i5914.1296x0-is-pid157257-150x96.jpg 150w, https:\/\/tvbelas.com\/tvbelas\/wp-content\/uploads\/2023\/04\/a92i5914.1296x0-is-pid157257-696x447.jpg 696w, https:\/\/tvbelas.com\/tvbelas\/wp-content\/uploads\/2023\/04\/a92i5914.1296x0-is-pid157257-1068x686.jpg 1068w, https:\/\/tvbelas.com\/tvbelas\/wp-content\/uploads\/2023\/04\/a92i5914.1296x0-is-pid157257-653x420.jpg 653w, https:\/\/tvbelas.com\/tvbelas\/wp-content\/uploads\/2023\/04\/a92i5914.1296x0-is-pid157257.jpg 1296w\" sizes=\"auto, (max-width: 1024px) 100vw, 1024px\" \/><figcaption class=\"wp-element-caption\">Fernando Medina ministro das finan\u00e7as de Portugal<\/figcaption><\/figure>\n\n\n\n<p>Segundo o ministro, o objectivo \u00e9 ver a forma como Portugal pode contribuir, atrav\u00e9s das suas empresas e dos seus instrumentos financeiros, para que, mais rapidamente, os projectos estejam ao servi\u00e7o das popula\u00e7\u00f5es.<\/p>\n\n\n\n<p>\u201cA concretiza\u00e7\u00e3o dos investimentos, no fundo, traduz-se na capacidade de, mais rapidamente, se melhorarem as condi\u00e7\u00f5es de vida das popula\u00e7\u00f5es, de tornar a economia mais competitiva e mais moderna, com melhores infra-estruturas ao seu servi\u00e7o\u201d, argumentou o ministro.<\/p>\n\n\n\n<p>Por outro lado, Fernando Medina informou que transmitiu, ao Presidente Jo\u00e3o Louren\u00e7o, a decis\u00e3o de Portugal alargar a linha de cr\u00e9dito de 1,5 mil milh\u00f5es de euros para dois mil milh\u00f5es de euros, para apoiar mais projectos de investimentos em Angola.<\/p>\n\n\n\n<p>Explicou que a referida linha de financiamento \u00e9 permanente, com a finalidade de financiar projectos definidos pelo Estado angolano, com um reembolso estimado de dez anos, podendo ser alargado at\u00e9 15 anos, mediante padr\u00f5es internacionais e consenso entre as partes.<\/p>\n\n\n\n<p>\u201cFoi uma audi\u00eancia com que fiquei muito sensibilizado com a forma como decorreu, uma forma amiga, fraterna e queremos prosseguir com este trabalho de forma muito intensa, desenvolvendo todos os aspectos que possam melhorar a vida dos cidad\u00e3os, o mais rapidamente poss\u00edvel\u201d, aferiu.<\/p>\n\n\n\n<figure class=\"wp-block-gallery has-nested-images columns-default is-cropped wp-block-gallery-1 is-layout-flex wp-block-gallery-is-layout-flex\">\n<figure class=\"wp-block-image size-large\"><img loading=\"lazy\" decoding=\"async\" width=\"1024\" height=\"658\" data-id=\"14216\" src=\"http:\/\/tvbelas.com\/tvbelas\/wp-content\/uploads\/2023\/04\/a92i5864.1296x0-is-pid157257-1024x658.jpg\" alt=\"\" class=\"wp-image-14216\" srcset=\"https:\/\/tvbelas.com\/tvbelas\/wp-content\/uploads\/2023\/04\/a92i5864.1296x0-is-pid157257-1024x658.jpg 1024w, https:\/\/tvbelas.com\/tvbelas\/wp-content\/uploads\/2023\/04\/a92i5864.1296x0-is-pid157257-300x193.jpg 300w, https:\/\/tvbelas.com\/tvbelas\/wp-content\/uploads\/2023\/04\/a92i5864.1296x0-is-pid157257-768x494.jpg 768w, https:\/\/tvbelas.com\/tvbelas\/wp-content\/uploads\/2023\/04\/a92i5864.1296x0-is-pid157257-150x96.jpg 150w, https:\/\/tvbelas.com\/tvbelas\/wp-content\/uploads\/2023\/04\/a92i5864.1296x0-is-pid157257-696x447.jpg 696w, https:\/\/tvbelas.com\/tvbelas\/wp-content\/uploads\/2023\/04\/a92i5864.1296x0-is-pid157257-1068x686.jpg 1068w, https:\/\/tvbelas.com\/tvbelas\/wp-content\/uploads\/2023\/04\/a92i5864.1296x0-is-pid157257-653x420.jpg 653w, https:\/\/tvbelas.com\/tvbelas\/wp-content\/uploads\/2023\/04\/a92i5864.1296x0-is-pid157257.jpg 1296w\" sizes=\"auto, (max-width: 1024px) 100vw, 1024px\" \/><\/figure>\n\n\n\n<figure class=\"wp-block-image size-large\"><img loading=\"lazy\" decoding=\"async\" width=\"1024\" height=\"658\" data-id=\"14215\" src=\"http:\/\/tvbelas.com\/tvbelas\/wp-content\/uploads\/2023\/04\/a92i5891-1024x658.jpg\" alt=\"\" class=\"wp-image-14215\" srcset=\"https:\/\/tvbelas.com\/tvbelas\/wp-content\/uploads\/2023\/04\/a92i5891-1024x658.jpg 1024w, https:\/\/tvbelas.com\/tvbelas\/wp-content\/uploads\/2023\/04\/a92i5891-300x193.jpg 300w, https:\/\/tvbelas.com\/tvbelas\/wp-content\/uploads\/2023\/04\/a92i5891-768x494.jpg 768w, https:\/\/tvbelas.com\/tvbelas\/wp-content\/uploads\/2023\/04\/a92i5891-1536x987.jpg 1536w, https:\/\/tvbelas.com\/tvbelas\/wp-content\/uploads\/2023\/04\/a92i5891-2048x1316.jpg 2048w, https:\/\/tvbelas.com\/tvbelas\/wp-content\/uploads\/2023\/04\/a92i5891-150x96.jpg 150w, https:\/\/tvbelas.com\/tvbelas\/wp-content\/uploads\/2023\/04\/a92i5891-696x447.jpg 696w, https:\/\/tvbelas.com\/tvbelas\/wp-content\/uploads\/2023\/04\/a92i5891-1068x687.jpg 1068w, https:\/\/tvbelas.com\/tvbelas\/wp-content\/uploads\/2023\/04\/a92i5891-1920x1234.jpg 1920w, https:\/\/tvbelas.com\/tvbelas\/wp-content\/uploads\/2023\/04\/a92i5891-653x420.jpg 653w\" sizes=\"auto, (max-width: 1024px) 100vw, 1024px\" \/><\/figure>\n\n\n\n<figure class=\"wp-block-image size-large\"><img loading=\"lazy\" decoding=\"async\" width=\"620\" height=\"431\" data-id=\"14214\" src=\"http:\/\/tvbelas.com\/tvbelas\/wp-content\/uploads\/2023\/04\/f87e1884-9c2a-40aa-a370-cf94404b72f5_1371144134642d8fa5a436c.jpg\" alt=\"\" class=\"wp-image-14214\" srcset=\"https:\/\/tvbelas.com\/tvbelas\/wp-content\/uploads\/2023\/04\/f87e1884-9c2a-40aa-a370-cf94404b72f5_1371144134642d8fa5a436c.jpg 620w, https:\/\/tvbelas.com\/tvbelas\/wp-content\/uploads\/2023\/04\/f87e1884-9c2a-40aa-a370-cf94404b72f5_1371144134642d8fa5a436c-300x209.jpg 300w, https:\/\/tvbelas.com\/tvbelas\/wp-content\/uploads\/2023\/04\/f87e1884-9c2a-40aa-a370-cf94404b72f5_1371144134642d8fa5a436c-150x104.jpg 150w, https:\/\/tvbelas.com\/tvbelas\/wp-content\/uploads\/2023\/04\/f87e1884-9c2a-40aa-a370-cf94404b72f5_1371144134642d8fa5a436c-604x420.jpg 604w, https:\/\/tvbelas.com\/tvbelas\/wp-content\/uploads\/2023\/04\/f87e1884-9c2a-40aa-a370-cf94404b72f5_1371144134642d8fa5a436c-100x70.jpg 100w\" sizes=\"auto, (max-width: 620px) 100vw, 620px\" \/><\/figure>\n<\/figure>\n\n\n\n<p><\/p>\n\n\n\n<p><\/p>\n","protected":false},"excerpt":{"rendered":"<p>O Presidente da Rep\u00fablica, Jo\u00e3o Louren\u00e7o, recebeu, esta quarta-feira, em audi\u00eancia o ministro das Finan\u00e7as de Portugal, Fernando Medina, com quem abordou o refor\u00e7o da coopera\u00e7\u00e3o entre os dois pa\u00edses. \u00c0 frente de uma delega\u00e7\u00e3o, que prepara tamb\u00e9m a vinda a Luanda, no m\u00eas de Junho do 1.\u00b0 Ministro de Portugal, Ant\u00f3nio Costa, Fernando Medina [&hellip;]<\/p>\n","protected":false},"author":1,"featured_media":14214,"comment_status":"open","ping_status":"open","sticky":false,"template":"","format":"standard","meta":{"footnotes":""},"categories":[12],"tags":[],"class_list":{"0":"post-14212","1":"post","2":"type-post","3":"status-publish","4":"format-standard","5":"has-post-thumbnail","7":"category-politica-angola"},"amp_enabled":true,"_links":{"self":[{"href":"https:\/\/tvbelas.com\/tvbelas\/wp-json\/wp\/v2\/posts\/14212","targetHints":{"allow":["GET"]}}],"collection":[{"href":"https:\/\/tvbelas.com\/tvbelas\/wp-json\/wp\/v2\/posts"}],"about":[{"href":"https:\/\/tvbelas.com\/tvbelas\/wp-json\/wp\/v2\/types\/post"}],"author":[{"embeddable":true,"href":"https:\/\/tvbelas.com\/tvbelas\/wp-json\/wp\/v2\/users\/1"}],"replies":[{"embeddable":true,"href":"https:\/\/tvbelas.com\/tvbelas\/wp-json\/wp\/v2\/comments?post=14212"}],"version-history":[{"count":1,"href":"https:\/\/tvbelas.com\/tvbelas\/wp-json\/wp\/v2\/posts\/14212\/revisions"}],"predecessor-version":[{"id":14217,"href":"https:\/\/tvbelas.com\/tvbelas\/wp-json\/wp\/v2\/posts\/14212\/revisions\/14217"}],"wp:featuredmedia":[{"embeddable":true,"href":"https:\/\/tvbelas.com\/tvbelas\/wp-json\/wp\/v2\/media\/14214"}],"wp:attachment":[{"href":"https:\/\/tvbelas.com\/tvbelas\/wp-json\/wp\/v2\/media?parent=14212"}],"wp:term":[{"taxonomy":"category","embeddable":true,"href":"https:\/\/tvbelas.com\/tvbelas\/wp-json\/wp\/v2\/categories?post=14212"},{"taxonomy":"post_tag","embeddable":true,"href":"https:\/\/tvbelas.com\/tvbelas\/wp-json\/wp\/v2\/tags?post=14212"}],"curies":[{"name":"wp","href":"https:\/\/api.w.org\/{rel}","templated":true}]}}