{"id":14282,"date":"2023-04-18T19:25:16","date_gmt":"2023-04-18T18:25:16","guid":{"rendered":"http:\/\/tvbelas.com\/tvbelas\/?p=14282"},"modified":"2023-04-18T19:25:24","modified_gmt":"2023-04-18T18:25:24","slug":"o-presidente-do-mpla-declarou-que-o-seu-governo-vai-aumentar-a-oferta-de-postos-de-trabalho","status":"publish","type":"post","link":"https:\/\/tvbelas.com\/tvbelas\/noticias\/politica-angola\/o-presidente-do-mpla-declarou-que-o-seu-governo-vai-aumentar-a-oferta-de-postos-de-trabalho\/","title":{"rendered":"O PRESIDENTE DO MPLA DECLAROU, QUE O SEU GOVERNO VAI\u00a0AUMENTAR A OFERTA DE POSTOS DE TRABALHO."},"content":{"rendered":"\n<p>O Lider do MPLA Jo\u00e3o Louren\u00e7o, que \u00e9\u00a0 igualmente Presidente da Rep\u00fablica, discursava na IV Sess\u00e3o Ordin\u00e1ria do Comit\u00e9\u00a0 Central do MPLA, que entre outros assuntos, vai debater o \u201cImpacto das Pol\u00edticas P\u00fablicas na vida da Juventude\u201d.<\/p>\n\n\n\n<p>Destacou que de entre as realiza\u00e7\u00f5es programadas constam a entrada em funcionamento, no final do corrente ano, do Aeroporto Internacional Dr Ant\u00f3nio Agostinho Neto, a conclus\u00e3o, no pr\u00f3ximo ano, do Porto do Caio em Cabinda, a constru\u00e7\u00e3o dos novos aeroportos de Cabinda e de Mbanza Congo e da Barragem Hidroel\u00e9ctrica de Caculo Caba\u00e7a.<\/p>\n\n\n\n<p>Acrescentou como obras por concluir as das refinarias de Cabinda, Soyo e do Lobito,&nbsp; de 17 hospitais de n\u00edvel terci\u00e1rio em v\u00e1rias prov\u00edncias, bem como os hospitais General Pedal\u00e9, Universit\u00e1rio,&nbsp;Militar Principal, Oncol\u00f3gico, dos Queimados e o Oftalmol\u00f3gico, todos em Luanda.<\/p>\n\n\n\n<p>Informou ainda que ser\u00e1 feita a&nbsp;reabilita\u00e7\u00e3o completa do Hospital Am\u00e9rico Boavida e que ser\u00e1 executado, na plenitude, o programa de combate \u00e0 seca no sul de Angola, com enfoque para as prov\u00edncias do Cunene, Namibe e Hu\u00edla, incluindo a solu\u00e7\u00e3o de \u00e1gua para a cidade do Lubango.<\/p>\n\n\n\n<p>Jo\u00e3o Louren\u00e7o&nbsp;disse estar programado o arranque&nbsp; dos projectos Bita e Quilonga para suprir o d\u00e9ficit de \u00e1gua na cidade de Luanda e ser\u00e3o constru\u00eddas&nbsp; 11 infra-estruturas Universit\u00e1rias no pa\u00eds.<\/p>\n\n\n\n<p>Acredita que tais programas v\u00e3o aumentar consideravelmente a oferta de emprego para os jovens, incentivando-os a servir melhor a p\u00e1tria em todas as frentes.<\/p>\n\n\n\n<p>Ao n\u00edvel do partido, o Presidente do MPLA reportou uma maior valoriza\u00e7\u00e3o da juventude, com alargamento da composi\u00e7\u00e3o do Comit\u00e9 Central, por acreditar que possam vir a ser&nbsp;dirigentes comprometidos com o pa\u00eds.<\/p>\n\n\n\n<p>Recomendou trabalho&nbsp;para garantir que os&nbsp;jovens, dedicados ao trabalho, venham a ser os governantes do futuro, sem v\u00edcios e ambi\u00e7\u00f5es desmedidas.<\/p>\n\n\n\n<p>Exortou a necessidade de estender o trabalho militante \u00e0 mobiliza\u00e7\u00e3o\u00a0da sociedade civil e organiza\u00e7\u00f5es representativas dos jovens, dos estudantes, da mulher, dos trabalhadores, dos desportistas, dos artistas e compositores, das igrejas, entre outros.<\/p>\n\n\n\n<p>No dom\u00ednio pol\u00edtico internacional, o l\u00edder do MPLA reafirmou a defesa de\u00a0um cessar-fogo incondicional e o in\u00edcio de negocia\u00e7\u00f5es entre as partes directamente envolvidas no conflito\u00a0entre a R\u00fassia e a Ucr\u00e2nia, para o estabelecimento de uma paz duradoura entre os dois pa\u00edses.<\/p>\n\n\n\n<figure class=\"wp-block-image size-large\"><img loading=\"lazy\" decoding=\"async\" width=\"1024\" height=\"658\" src=\"http:\/\/tvbelas.com\/tvbelas\/wp-content\/uploads\/2023\/04\/a92i7729.1193x0-is-pid159775-1024x658.jpg\" alt=\"\" class=\"wp-image-14283\" srcset=\"https:\/\/tvbelas.com\/tvbelas\/wp-content\/uploads\/2023\/04\/a92i7729.1193x0-is-pid159775-1024x658.jpg 1024w, https:\/\/tvbelas.com\/tvbelas\/wp-content\/uploads\/2023\/04\/a92i7729.1193x0-is-pid159775-300x193.jpg 300w, https:\/\/tvbelas.com\/tvbelas\/wp-content\/uploads\/2023\/04\/a92i7729.1193x0-is-pid159775-768x494.jpg 768w, https:\/\/tvbelas.com\/tvbelas\/wp-content\/uploads\/2023\/04\/a92i7729.1193x0-is-pid159775-150x96.jpg 150w, https:\/\/tvbelas.com\/tvbelas\/wp-content\/uploads\/2023\/04\/a92i7729.1193x0-is-pid159775-696x447.jpg 696w, https:\/\/tvbelas.com\/tvbelas\/wp-content\/uploads\/2023\/04\/a92i7729.1193x0-is-pid159775-1068x687.jpg 1068w, https:\/\/tvbelas.com\/tvbelas\/wp-content\/uploads\/2023\/04\/a92i7729.1193x0-is-pid159775-653x420.jpg 653w, https:\/\/tvbelas.com\/tvbelas\/wp-content\/uploads\/2023\/04\/a92i7729.1193x0-is-pid159775.jpg 1193w\" sizes=\"auto, (max-width: 1024px) 100vw, 1024px\" \/><figcaption class=\"wp-element-caption\">mpla<\/figcaption><\/figure>\n\n\n\n<p><\/p>\n\n\n\n<p>Jo\u00e3o Louren\u00e7o considera que a&nbsp;paz duradoura para a Europa implica haver tamb\u00e9m negocia\u00e7\u00f5es directas entre a R\u00fassia e a NATO, entre a R\u00fassia e a Uni\u00e3o Europeia.<\/p>\n\n\n\n<p>&#8220;A Europa j\u00e1 n\u00e3o pode ser o epicentro de uma nova guerra mundial. Precisamos de salvar a Europa para salvar o mundo&#8221;, sublinhou o Chefe de Estado.<\/p>\n\n\n\n<p>Aconselha que os EUA e a China, pela influ\u00eancia que gozam, coloquem de lado aquilo que os separa e concertem ac\u00e7\u00f5es&nbsp;diplom\u00e1ticas direccionadas&nbsp;para a resolu\u00e7\u00e3o deste conflito na Europa, no sentido da&nbsp; salvaguarda da paz e seguran\u00e7a mundiais.<\/p>\n\n\n\n<p>Afirmou que partido deve acompanhar com a devida aten\u00e7\u00e3o os \u00faltimos acontecimentos que ocorrem no mundo e que prenunciam o retorno \u00e0 Guerra Fria ou mesmo o desenhar de um cen\u00e1rio pior ao da II Guerra Mundial, com alinhamentos formados por dois eixos antag\u00f3nicos.<\/p>\n","protected":false},"excerpt":{"rendered":"<p>O Lider do MPLA Jo\u00e3o Louren\u00e7o, que \u00e9\u00a0 igualmente Presidente da Rep\u00fablica, discursava na IV Sess\u00e3o Ordin\u00e1ria do Comit\u00e9\u00a0 Central do MPLA, que entre outros assuntos, vai debater o \u201cImpacto das Pol\u00edticas P\u00fablicas na vida da Juventude\u201d. Destacou que de entre as realiza\u00e7\u00f5es programadas constam a entrada em funcionamento, no final do corrente ano, do [&hellip;]<\/p>\n","protected":false},"author":1,"featured_media":14284,"comment_status":"open","ping_status":"open","sticky":false,"template":"","format":"standard","meta":{"footnotes":""},"categories":[12],"tags":[],"class_list":{"0":"post-14282","1":"post","2":"type-post","3":"status-publish","4":"format-standard","5":"has-post-thumbnail","7":"category-politica-angola"},"amp_enabled":true,"_links":{"self":[{"href":"https:\/\/tvbelas.com\/tvbelas\/wp-json\/wp\/v2\/posts\/14282","targetHints":{"allow":["GET"]}}],"collection":[{"href":"https:\/\/tvbelas.com\/tvbelas\/wp-json\/wp\/v2\/posts"}],"about":[{"href":"https:\/\/tvbelas.com\/tvbelas\/wp-json\/wp\/v2\/types\/post"}],"author":[{"embeddable":true,"href":"https:\/\/tvbelas.com\/tvbelas\/wp-json\/wp\/v2\/users\/1"}],"replies":[{"embeddable":true,"href":"https:\/\/tvbelas.com\/tvbelas\/wp-json\/wp\/v2\/comments?post=14282"}],"version-history":[{"count":2,"href":"https:\/\/tvbelas.com\/tvbelas\/wp-json\/wp\/v2\/posts\/14282\/revisions"}],"predecessor-version":[{"id":14286,"href":"https:\/\/tvbelas.com\/tvbelas\/wp-json\/wp\/v2\/posts\/14282\/revisions\/14286"}],"wp:featuredmedia":[{"embeddable":true,"href":"https:\/\/tvbelas.com\/tvbelas\/wp-json\/wp\/v2\/media\/14284"}],"wp:attachment":[{"href":"https:\/\/tvbelas.com\/tvbelas\/wp-json\/wp\/v2\/media?parent=14282"}],"wp:term":[{"taxonomy":"category","embeddable":true,"href":"https:\/\/tvbelas.com\/tvbelas\/wp-json\/wp\/v2\/categories?post=14282"},{"taxonomy":"post_tag","embeddable":true,"href":"https:\/\/tvbelas.com\/tvbelas\/wp-json\/wp\/v2\/tags?post=14282"}],"curies":[{"name":"wp","href":"https:\/\/api.w.org\/{rel}","templated":true}]}}