{"id":14337,"date":"2023-04-28T19:46:53","date_gmt":"2023-04-28T18:46:53","guid":{"rendered":"http:\/\/tvbelas.com\/tvbelas\/?p=14337"},"modified":"2023-04-28T19:47:00","modified_gmt":"2023-04-28T18:47:00","slug":"marcha-em-prol-da-causa-zero-criancas-na-rua-helder-chihuto-recebe-um-nao-de-manuel-homem","status":"publish","type":"post","link":"https:\/\/tvbelas.com\/tvbelas\/noticias\/politica-angola\/marcha-em-prol-da-causa-zero-criancas-na-rua-helder-chihuto-recebe-um-nao-de-manuel-homem\/","title":{"rendered":"MARCHA EM PROL DA CAUSA ZERO CRIAN\u00c7AS NA RUA \u201cH\u00c9LDER CHIHUTO RECEBE UM N\u00c3O DE MANUEL HOMEM\u201d"},"content":{"rendered":"\n<p>Em nome do superior interesse nacional, e por se tratar de um problema de Estado e de \u00e2mbito nacional, e dada a natureza da causa, considerando que temos a obriga\u00e7\u00e3o legal de os informar, cumpri-nos lhes informar o seguinte:<\/p>\n\n\n\n<p>A menos de 24 horas da realiza\u00e7\u00e3o da Marcha em prol da Causa ZERO CRIAN\u00c7AS NA RUA, e ap\u00f3s um m\u00eas da entrada ao GPL da comunica\u00e7\u00e3o pr\u00e9via nos termos da lei, sobre gritante e abusivo exerc\u00edcio do poder pol\u00edtico governativo e administrativo, o GPL, vergonhosamente, sem qualquer fundamento objectivamente admiss\u00edvel por lei, e com uma reda\u00e7\u00e3o do texto descrito no despacho aqui presente totalmente obscuro e controv\u00e9rsio, despachou, indeferindo extemporaneamente Pois, a lei s\u00f3 lhe oferece 24h para se pronunciar sobre qualquer inten\u00e7\u00e3o de obstru\u00e7\u00e3o da realiza\u00e7\u00e3o da Marcha. Estranhamente e sob erro crasso, o despacho do GPL diz que a lei, repito, a lei violou o disposto no n-3\u00b0 do artigo 4\u00b0 da referida lei que nem sequer o presente despacho fez men\u00e7\u00e3o de que lei est\u00e1 efectivamente a se referir. Oremos muito por ANGOLA, o Pa\u00eds est\u00e1 doente, que Jesus Cristo nosso Senhor e salvador tenha muita miseric\u00f3rdia deste povo, e especialmente de todas as crian\u00e7as em situa\u00e7\u00e3o de meninos de rua.<\/p>\n\n\n\n<p>Por: H\u00e9lder Chihuto O Embaixador do Povo Desfavorecido.<\/p>\n\n\n\n<p>vejo o despacho do Governo provincial &#8230;<\/p>\n\n\n\n<figure class=\"wp-block-image size-large\"><img loading=\"lazy\" decoding=\"async\" width=\"634\" height=\"1024\" src=\"http:\/\/tvbelas.com\/tvbelas\/wp-content\/uploads\/2023\/04\/WhatsApp-Image-2023-04-28-at-19.12.48-634x1024.jpeg\" alt=\"\" class=\"wp-image-14338\" srcset=\"https:\/\/tvbelas.com\/tvbelas\/wp-content\/uploads\/2023\/04\/WhatsApp-Image-2023-04-28-at-19.12.48-634x1024.jpeg 634w, https:\/\/tvbelas.com\/tvbelas\/wp-content\/uploads\/2023\/04\/WhatsApp-Image-2023-04-28-at-19.12.48-186x300.jpeg 186w, https:\/\/tvbelas.com\/tvbelas\/wp-content\/uploads\/2023\/04\/WhatsApp-Image-2023-04-28-at-19.12.48-768x1241.jpeg 768w, https:\/\/tvbelas.com\/tvbelas\/wp-content\/uploads\/2023\/04\/WhatsApp-Image-2023-04-28-at-19.12.48-150x242.jpeg 150w, https:\/\/tvbelas.com\/tvbelas\/wp-content\/uploads\/2023\/04\/WhatsApp-Image-2023-04-28-at-19.12.48-300x485.jpeg 300w, https:\/\/tvbelas.com\/tvbelas\/wp-content\/uploads\/2023\/04\/WhatsApp-Image-2023-04-28-at-19.12.48-696x1125.jpeg 696w, https:\/\/tvbelas.com\/tvbelas\/wp-content\/uploads\/2023\/04\/WhatsApp-Image-2023-04-28-at-19.12.48-260x420.jpeg 260w, https:\/\/tvbelas.com\/tvbelas\/wp-content\/uploads\/2023\/04\/WhatsApp-Image-2023-04-28-at-19.12.48.jpeg 773w\" sizes=\"auto, (max-width: 634px) 100vw, 634px\" \/><\/figure>\n","protected":false},"excerpt":{"rendered":"<p>Em nome do superior interesse nacional, e por se tratar de um problema de Estado e de \u00e2mbito nacional, e dada a natureza da causa, considerando que temos a obriga\u00e7\u00e3o legal de os informar, cumpri-nos lhes informar o seguinte: A menos de 24 horas da realiza\u00e7\u00e3o da Marcha em prol da Causa ZERO CRIAN\u00c7AS NA [&hellip;]<\/p>\n","protected":false},"author":1,"featured_media":14339,"comment_status":"open","ping_status":"open","sticky":false,"template":"","format":"standard","meta":{"footnotes":""},"categories":[12],"tags":[],"class_list":{"0":"post-14337","1":"post","2":"type-post","3":"status-publish","4":"format-standard","5":"has-post-thumbnail","7":"category-politica-angola"},"amp_enabled":true,"_links":{"self":[{"href":"https:\/\/tvbelas.com\/tvbelas\/wp-json\/wp\/v2\/posts\/14337","targetHints":{"allow":["GET"]}}],"collection":[{"href":"https:\/\/tvbelas.com\/tvbelas\/wp-json\/wp\/v2\/posts"}],"about":[{"href":"https:\/\/tvbelas.com\/tvbelas\/wp-json\/wp\/v2\/types\/post"}],"author":[{"embeddable":true,"href":"https:\/\/tvbelas.com\/tvbelas\/wp-json\/wp\/v2\/users\/1"}],"replies":[{"embeddable":true,"href":"https:\/\/tvbelas.com\/tvbelas\/wp-json\/wp\/v2\/comments?post=14337"}],"version-history":[{"count":1,"href":"https:\/\/tvbelas.com\/tvbelas\/wp-json\/wp\/v2\/posts\/14337\/revisions"}],"predecessor-version":[{"id":14340,"href":"https:\/\/tvbelas.com\/tvbelas\/wp-json\/wp\/v2\/posts\/14337\/revisions\/14340"}],"wp:featuredmedia":[{"embeddable":true,"href":"https:\/\/tvbelas.com\/tvbelas\/wp-json\/wp\/v2\/media\/14339"}],"wp:attachment":[{"href":"https:\/\/tvbelas.com\/tvbelas\/wp-json\/wp\/v2\/media?parent=14337"}],"wp:term":[{"taxonomy":"category","embeddable":true,"href":"https:\/\/tvbelas.com\/tvbelas\/wp-json\/wp\/v2\/categories?post=14337"},{"taxonomy":"post_tag","embeddable":true,"href":"https:\/\/tvbelas.com\/tvbelas\/wp-json\/wp\/v2\/tags?post=14337"}],"curies":[{"name":"wp","href":"https:\/\/api.w.org\/{rel}","templated":true}]}}