{"id":14595,"date":"2023-05-24T18:10:58","date_gmt":"2023-05-24T17:10:58","guid":{"rendered":"http:\/\/tvbelas.com\/tvbelas\/?p=14595"},"modified":"2023-05-24T18:10:59","modified_gmt":"2023-05-24T17:10:59","slug":"presidente-italiano-considera-angola-protagonista-da-paz-e-da-estabilidade-no-continente-africano","status":"publish","type":"post","link":"https:\/\/tvbelas.com\/tvbelas\/noticias\/politica-angola\/presidente-italiano-considera-angola-protagonista-da-paz-e-da-estabilidade-no-continente-africano\/","title":{"rendered":"PRESIDENTE IT\u00c1LIANO CONSIDERA ANGOLA &#8220;PROTAGONISTA DA PAZ E DA ESTABILIDADE NO CONTINENTE AFRICANO&#8221;"},"content":{"rendered":"\n<p>\u201cSabemos o quanto \u00e9 protagonista de algumas iniciativas de paz&#8221;, referiu o Presidente Sergio Mattarella, que disse ter pedido ao hom\u00f3logo Jo\u00e3o Louren\u00e7o algumas avalia\u00e7\u00f5es sobre as tens\u00f5es nas zonas dos Grandes Lagos e no Sud\u00e3o.&nbsp;<\/p>\n\n\n\n<p>&#8220;Interessou-me muito ouvir as suas indica\u00e7\u00f5es. Falou tamb\u00e9m da necessidade de uma colabora\u00e7\u00e3o crescente entre Angola e a Uni\u00e3o Europeia\u201d, prosseguiu o Presidente da It\u00e1lia.&nbsp;<\/p>\n\n\n\n<p>Na ocasi\u00e3o, o Estadista italiano disse que no encontro em privado tamb\u00e9m esteve em&nbsp; an\u00e1lise o empenho da It\u00e1lia em fazer press\u00e3o dentro da Uni\u00e3o para que a colabora\u00e7\u00e3o com Angola cres\u00e7a.&nbsp;<\/p>\n\n\n\n<p>Ladeado do hom\u00f3logo de Angola, o Presidente Sergio Mattarella salientou que os dois Estados s\u00e3o contr\u00e1rios \u00e0s guerras no mundo e, em particular, ao &#8220;causado pela R\u00fassia na Ucr\u00e2nia&#8221;.&nbsp;<\/p>\n\n\n\n<p>Apelou \u00e0 colabora\u00e7\u00e3o internacional, ao respeito por todos os Estados, \u00e0 sua independ\u00eancia, soberania e \u00e0 crescente colabora\u00e7\u00e3o sob a bandeira do multilateralismo.&nbsp;<\/p>\n\n\n\n<p>O Presidente angolano, Jo\u00e3o Louren\u00e7o, chegou ao fim da tarde de ter\u00e7a-feira a Roma, capital da It\u00e1lia, para uma visita de Estado de dois dias.&nbsp;<\/p>\n\n\n\n<p>O Chefe de Estado angolano est\u00e1 na It\u00e1lia a convite do Presidente Sergio Mattarella, que esteve nosso pais em visita oficial, em Fevereiro de 2019.<\/p>\n","protected":false},"excerpt":{"rendered":"<p>\u201cSabemos o quanto \u00e9 protagonista de algumas iniciativas de paz&#8221;, referiu o Presidente Sergio Mattarella, que disse ter pedido ao hom\u00f3logo Jo\u00e3o Louren\u00e7o algumas avalia\u00e7\u00f5es sobre as tens\u00f5es nas zonas dos Grandes Lagos e no Sud\u00e3o.&nbsp; &#8220;Interessou-me muito ouvir as suas indica\u00e7\u00f5es. Falou tamb\u00e9m da necessidade de uma colabora\u00e7\u00e3o crescente entre Angola e a Uni\u00e3o [&hellip;]<\/p>\n","protected":false},"author":1,"featured_media":14596,"comment_status":"open","ping_status":"open","sticky":false,"template":"","format":"standard","meta":{"footnotes":""},"categories":[12],"tags":[],"class_list":{"0":"post-14595","1":"post","2":"type-post","3":"status-publish","4":"format-standard","5":"has-post-thumbnail","7":"category-politica-angola"},"amp_enabled":true,"_links":{"self":[{"href":"https:\/\/tvbelas.com\/tvbelas\/wp-json\/wp\/v2\/posts\/14595","targetHints":{"allow":["GET"]}}],"collection":[{"href":"https:\/\/tvbelas.com\/tvbelas\/wp-json\/wp\/v2\/posts"}],"about":[{"href":"https:\/\/tvbelas.com\/tvbelas\/wp-json\/wp\/v2\/types\/post"}],"author":[{"embeddable":true,"href":"https:\/\/tvbelas.com\/tvbelas\/wp-json\/wp\/v2\/users\/1"}],"replies":[{"embeddable":true,"href":"https:\/\/tvbelas.com\/tvbelas\/wp-json\/wp\/v2\/comments?post=14595"}],"version-history":[{"count":1,"href":"https:\/\/tvbelas.com\/tvbelas\/wp-json\/wp\/v2\/posts\/14595\/revisions"}],"predecessor-version":[{"id":14597,"href":"https:\/\/tvbelas.com\/tvbelas\/wp-json\/wp\/v2\/posts\/14595\/revisions\/14597"}],"wp:featuredmedia":[{"embeddable":true,"href":"https:\/\/tvbelas.com\/tvbelas\/wp-json\/wp\/v2\/media\/14596"}],"wp:attachment":[{"href":"https:\/\/tvbelas.com\/tvbelas\/wp-json\/wp\/v2\/media?parent=14595"}],"wp:term":[{"taxonomy":"category","embeddable":true,"href":"https:\/\/tvbelas.com\/tvbelas\/wp-json\/wp\/v2\/categories?post=14595"},{"taxonomy":"post_tag","embeddable":true,"href":"https:\/\/tvbelas.com\/tvbelas\/wp-json\/wp\/v2\/tags?post=14595"}],"curies":[{"name":"wp","href":"https:\/\/api.w.org\/{rel}","templated":true}]}}