{"id":14642,"date":"2023-05-29T10:05:24","date_gmt":"2023-05-29T09:05:24","guid":{"rendered":"http:\/\/tvbelas.com\/tvbelas\/?p=14642"},"modified":"2023-05-29T10:05:26","modified_gmt":"2023-05-29T09:05:26","slug":"luanda-acolhe-conferencia-sobre-combate-a-corrupcao","status":"publish","type":"post","link":"https:\/\/tvbelas.com\/tvbelas\/noticias\/politica-angola\/luanda-acolhe-conferencia-sobre-combate-a-corrupcao\/","title":{"rendered":"<strong>LUANDA ACOLHE CONFER\u00caNCIA SOBRE COMBATE \u00c0 CORRUP\u00c7\u00c3O<\/strong>"},"content":{"rendered":"\n<p>O evento, que reunir\u00e1 entidades governamentais, representantes da sociedade civil, especialistas e acad\u00e9micos da SADC, da UNODC e de organiza\u00e7\u00f5es internacionais, tem como objectivo fortalecer a luta contra a corrup\u00e7\u00e3o e promover a transpar\u00eancia e a boa governa\u00e7\u00e3o.<\/p>\n\n\n\n<p>Visa tamb\u00e9m contribuir para o cumprimento das metas estabelecidas no \u00e2mbito da Conven\u00e7\u00e3o das Na\u00e7\u00f5es Unidas Contra a Corrup\u00e7\u00e3o (UNCAC).<\/p>\n\n\n\n<p>A realiza\u00e7\u00e3o da Confer\u00eancia decorre do reconhecimento da necessidade urgente do desenvolvimento de ac\u00e7\u00f5es coordenadas e de coopera\u00e7\u00e3o no \u00e2mbito da SADC para a preven\u00e7\u00e3o e combate \u00e0 corrup\u00e7\u00e3o.<\/p>\n\n\n\n<p>A sua organiza\u00e7\u00e3o deve-se igualmente ao facto de a corrup\u00e7\u00e3o ser um desafio global que afecta negativamente o desenvolvimento econ\u00f3mico, a justi\u00e7a social e a estabilidade pol\u00edtica.<\/p>\n\n\n\n<p>Os conferencistas v\u00e3o discutir os caminhos para a partilha de experi\u00eancias bem-sucedidas e buscar solu\u00e7\u00f5es para que possam enfrentar conjuntamente o combate \u00e0 corrup\u00e7\u00e3o.&nbsp;<\/p>\n\n\n\n<p>Entre os principais temas a abordar destacam-se os desafios da coopera\u00e7\u00e3o regional na implementa\u00e7\u00e3o da conven\u00e7\u00e3o das Na\u00e7\u00f5es Unidas contra a Corrup\u00e7\u00e3o<\/p>\n\n\n\n<p>Estar\u00e1 ainda em an\u00e1lise o quadro legal vigente nos pa\u00edses da SADC e a&nbsp;adop\u00e7\u00e3o de um roteiro-modelo da organiza\u00e7\u00e3o sobre as \u00e1reas priorit\u00e1rias no dom\u00ednio da preven\u00e7\u00e3o e combate \u00e0 corrup\u00e7\u00e3o na regi\u00e3o.<\/p>\n","protected":false},"excerpt":{"rendered":"<p>O evento, que reunir\u00e1 entidades governamentais, representantes da sociedade civil, especialistas e acad\u00e9micos da SADC, da UNODC e de organiza\u00e7\u00f5es internacionais, tem como objectivo fortalecer a luta contra a corrup\u00e7\u00e3o e promover a transpar\u00eancia e a boa governa\u00e7\u00e3o. Visa tamb\u00e9m contribuir para o cumprimento das metas estabelecidas no \u00e2mbito da Conven\u00e7\u00e3o das Na\u00e7\u00f5es Unidas Contra [&hellip;]<\/p>\n","protected":false},"author":1,"featured_media":14643,"comment_status":"open","ping_status":"open","sticky":false,"template":"","format":"standard","meta":{"footnotes":""},"categories":[12],"tags":[],"class_list":{"0":"post-14642","1":"post","2":"type-post","3":"status-publish","4":"format-standard","5":"has-post-thumbnail","7":"category-politica-angola"},"amp_enabled":true,"_links":{"self":[{"href":"https:\/\/tvbelas.com\/tvbelas\/wp-json\/wp\/v2\/posts\/14642","targetHints":{"allow":["GET"]}}],"collection":[{"href":"https:\/\/tvbelas.com\/tvbelas\/wp-json\/wp\/v2\/posts"}],"about":[{"href":"https:\/\/tvbelas.com\/tvbelas\/wp-json\/wp\/v2\/types\/post"}],"author":[{"embeddable":true,"href":"https:\/\/tvbelas.com\/tvbelas\/wp-json\/wp\/v2\/users\/1"}],"replies":[{"embeddable":true,"href":"https:\/\/tvbelas.com\/tvbelas\/wp-json\/wp\/v2\/comments?post=14642"}],"version-history":[{"count":1,"href":"https:\/\/tvbelas.com\/tvbelas\/wp-json\/wp\/v2\/posts\/14642\/revisions"}],"predecessor-version":[{"id":14644,"href":"https:\/\/tvbelas.com\/tvbelas\/wp-json\/wp\/v2\/posts\/14642\/revisions\/14644"}],"wp:featuredmedia":[{"embeddable":true,"href":"https:\/\/tvbelas.com\/tvbelas\/wp-json\/wp\/v2\/media\/14643"}],"wp:attachment":[{"href":"https:\/\/tvbelas.com\/tvbelas\/wp-json\/wp\/v2\/media?parent=14642"}],"wp:term":[{"taxonomy":"category","embeddable":true,"href":"https:\/\/tvbelas.com\/tvbelas\/wp-json\/wp\/v2\/categories?post=14642"},{"taxonomy":"post_tag","embeddable":true,"href":"https:\/\/tvbelas.com\/tvbelas\/wp-json\/wp\/v2\/tags?post=14642"}],"curies":[{"name":"wp","href":"https:\/\/api.w.org\/{rel}","templated":true}]}}