{"id":14660,"date":"2023-05-29T12:20:43","date_gmt":"2023-05-29T11:20:43","guid":{"rendered":"http:\/\/tvbelas.com\/tvbelas\/?p=14660"},"modified":"2023-05-29T12:20:46","modified_gmt":"2023-05-29T11:20:46","slug":"manutencao-na-estacao-de-tratamento-de-agua-de-candelabro-deixa-bairros-de-luanda-sem-o-fornecimento-de-agua-potavel","status":"publish","type":"post","link":"https:\/\/tvbelas.com\/tvbelas\/noticias\/sociedade\/manutencao-na-estacao-de-tratamento-de-agua-de-candelabro-deixa-bairros-de-luanda-sem-o-fornecimento-de-agua-potavel\/","title":{"rendered":"MANUTEN\u00c7\u00c3O NA ESTA\u00c7\u00c3O DE TRATAMENTO DE \u00c1GUA DE CANDELABRO DEIXA BAIRROS DE LUANDA SEM O FORNECIMENTO DE \u00c1GUA POT\u00c1VEL"},"content":{"rendered":"\n<p>A Empresa P\u00fablica de \u00c1guas (EPAL-E.P) vai restringir, ter\u00e7a-feira, das oito \u00e0s 18 horas, o fornecimento de \u00e1gua pot\u00e1vel em algumas \u00e1reas da prov\u00edncia de Luanda para manuten\u00e7\u00e3o na Esta\u00e7\u00e3o de Tratamento de \u00c1gua de Candelabro.<\/p>\n\n\n\n<p>De acordo com um comunicado da EPAL-EP chegado hoje, segunda -feira, \u00e0 TV BELAS,\u00a0 o programa de manuten\u00e7\u00e3o das unidades de tratamento vai abranger a fase II da Esta\u00e7\u00e3o de Tratamento de \u00c1gua de Candelabro, para a limpeza dos reservat\u00f3rios.<\/p>\n\n\n\n<p>Em consequ\u00eancia, ficar\u00e3o sob restri\u00e7\u00f5es as zonas dos Mulenvos de Cima e de Baixo, Centralidade do Kalawenda e Dep\u00f3sito de Medicamentos.<\/p>\n\n\n\n<p>O documento explica que esfor\u00e7os ser\u00e3o&nbsp; feitos para se repor o fornecmento&nbsp; na data prevista.<\/p>\n","protected":false},"excerpt":{"rendered":"<p>A Empresa P\u00fablica de \u00c1guas (EPAL-E.P) vai restringir, ter\u00e7a-feira, das oito \u00e0s 18 horas, o fornecimento de \u00e1gua pot\u00e1vel em algumas \u00e1reas da prov\u00edncia de Luanda para manuten\u00e7\u00e3o na Esta\u00e7\u00e3o de Tratamento de \u00c1gua de Candelabro. De acordo com um comunicado da EPAL-EP chegado hoje, segunda -feira, \u00e0 TV BELAS,\u00a0 o programa de manuten\u00e7\u00e3o das [&hellip;]<\/p>\n","protected":false},"author":1,"featured_media":14661,"comment_status":"open","ping_status":"open","sticky":false,"template":"","format":"standard","meta":{"footnotes":""},"categories":[15],"tags":[],"class_list":{"0":"post-14660","1":"post","2":"type-post","3":"status-publish","4":"format-standard","5":"has-post-thumbnail","7":"category-sociedade"},"amp_enabled":true,"_links":{"self":[{"href":"https:\/\/tvbelas.com\/tvbelas\/wp-json\/wp\/v2\/posts\/14660","targetHints":{"allow":["GET"]}}],"collection":[{"href":"https:\/\/tvbelas.com\/tvbelas\/wp-json\/wp\/v2\/posts"}],"about":[{"href":"https:\/\/tvbelas.com\/tvbelas\/wp-json\/wp\/v2\/types\/post"}],"author":[{"embeddable":true,"href":"https:\/\/tvbelas.com\/tvbelas\/wp-json\/wp\/v2\/users\/1"}],"replies":[{"embeddable":true,"href":"https:\/\/tvbelas.com\/tvbelas\/wp-json\/wp\/v2\/comments?post=14660"}],"version-history":[{"count":1,"href":"https:\/\/tvbelas.com\/tvbelas\/wp-json\/wp\/v2\/posts\/14660\/revisions"}],"predecessor-version":[{"id":14662,"href":"https:\/\/tvbelas.com\/tvbelas\/wp-json\/wp\/v2\/posts\/14660\/revisions\/14662"}],"wp:featuredmedia":[{"embeddable":true,"href":"https:\/\/tvbelas.com\/tvbelas\/wp-json\/wp\/v2\/media\/14661"}],"wp:attachment":[{"href":"https:\/\/tvbelas.com\/tvbelas\/wp-json\/wp\/v2\/media?parent=14660"}],"wp:term":[{"taxonomy":"category","embeddable":true,"href":"https:\/\/tvbelas.com\/tvbelas\/wp-json\/wp\/v2\/categories?post=14660"},{"taxonomy":"post_tag","embeddable":true,"href":"https:\/\/tvbelas.com\/tvbelas\/wp-json\/wp\/v2\/tags?post=14660"}],"curies":[{"name":"wp","href":"https:\/\/api.w.org\/{rel}","templated":true}]}}