{"id":1472,"date":"2020-08-20T18:01:12","date_gmt":"2020-08-20T17:01:12","guid":{"rendered":"http:\/\/tvbelas.com\/tvbelas\/?p=1472"},"modified":"2020-08-20T18:01:12","modified_gmt":"2020-08-20T17:01:12","slug":"bodiva-defende-a-nomeacao-da-filha-do-presidente-cristina-lourenco-para-administradora-executiva-e-filha-do-antigo-presidente-tchize-dos-santos-se-manifestou-contra-a-decisao","status":"publish","type":"post","link":"https:\/\/tvbelas.com\/tvbelas\/noticias\/bodiva-defende-a-nomeacao-da-filha-do-presidente-cristina-lourenco-para-administradora-executiva-e-filha-do-antigo-presidente-tchize-dos-santos-se-manifestou-contra-a-decisao\/","title":{"rendered":"bodiva defende a nomea\u00e7\u00e3o da filha do presidente, Cristina Louren\u00e7o, para administradora executiva e Filha do antigo presidente, Tchiz\u00e9 dos Santos, se manifestou contra a decis\u00e3o"},"content":{"rendered":"\n<p>bodiva defende a nomea\u00e7\u00e3o da filha do presidente, Cristina Louren\u00e7o, para administradora executiva trata-se de &#8220;um regresso a casa&#8221; daquela antiga colaboradora da institui\u00e7\u00e3o, disse hoje a Bolsa de D\u00edvidas e Valores de Angola.Na nota de imprensa, \u00e9 sublinhado que Cristina trabalhou na institui\u00e7\u00e3o entre 2014 e 2016, e que isto esteve na base da sua volta para a mesma.Filha do antigo presidente, Tchiz\u00e9 dos Santos, se manifestou contra a decis\u00e3o.<\/p>\n","protected":false},"excerpt":{"rendered":"<p>bodiva defende a nomea\u00e7\u00e3o da filha do presidente<\/p>\n","protected":false},"author":1,"featured_media":1473,"comment_status":"open","ping_status":"open","sticky":false,"template":"","format":"standard","meta":{"footnotes":""},"categories":[10],"tags":[181,212,227],"class_list":{"0":"post-1472","1":"post","2":"type-post","3":"status-publish","4":"format-standard","5":"has-post-thumbnail","7":"category-noticias","8":"tag-nomeacao-da-filha-do-presidente","9":"tag-se-manifestou-contra-a-decisao","10":"tag-tchize-dos-santos"},"amp_enabled":true,"_links":{"self":[{"href":"https:\/\/tvbelas.com\/tvbelas\/wp-json\/wp\/v2\/posts\/1472","targetHints":{"allow":["GET"]}}],"collection":[{"href":"https:\/\/tvbelas.com\/tvbelas\/wp-json\/wp\/v2\/posts"}],"about":[{"href":"https:\/\/tvbelas.com\/tvbelas\/wp-json\/wp\/v2\/types\/post"}],"author":[{"embeddable":true,"href":"https:\/\/tvbelas.com\/tvbelas\/wp-json\/wp\/v2\/users\/1"}],"replies":[{"embeddable":true,"href":"https:\/\/tvbelas.com\/tvbelas\/wp-json\/wp\/v2\/comments?post=1472"}],"version-history":[{"count":0,"href":"https:\/\/tvbelas.com\/tvbelas\/wp-json\/wp\/v2\/posts\/1472\/revisions"}],"wp:featuredmedia":[{"embeddable":true,"href":"https:\/\/tvbelas.com\/tvbelas\/wp-json\/wp\/v2\/media\/1473"}],"wp:attachment":[{"href":"https:\/\/tvbelas.com\/tvbelas\/wp-json\/wp\/v2\/media?parent=1472"}],"wp:term":[{"taxonomy":"category","embeddable":true,"href":"https:\/\/tvbelas.com\/tvbelas\/wp-json\/wp\/v2\/categories?post=1472"},{"taxonomy":"post_tag","embeddable":true,"href":"https:\/\/tvbelas.com\/tvbelas\/wp-json\/wp\/v2\/tags?post=1472"}],"curies":[{"name":"wp","href":"https:\/\/api.w.org\/{rel}","templated":true}]}}