{"id":1484,"date":"2020-08-20T21:11:34","date_gmt":"2020-08-20T20:11:34","guid":{"rendered":"http:\/\/tvbelas.com\/tvbelas\/?p=1484"},"modified":"2020-08-20T21:11:34","modified_gmt":"2020-08-20T20:11:34","slug":"uniao10-de-dezembro-tem-um-novo-comandante","status":"publish","type":"post","link":"https:\/\/tvbelas.com\/tvbelas\/noticias\/sociedade\/uniao10-de-dezembro-tem-um-novo-comandante\/","title":{"rendered":"Uni\u00e3o10 de Dezembro tem um novo comandante"},"content":{"rendered":"\n<p>O grupo carnavalesco Uni\u00e3o 10 de Dezembro do munic\u00edpio da Maianga j\u00e1 tem um novo l\u00edder, que substituiu o \u201chist\u00f3rico comandante\u201d Pedro Vidal, falecido no passado m\u00eas de Junho, v\u00edtima de doen\u00e7a, em Luanda.<br \/>.<br \/>Bernardo Vidal, de 30 anos, um dos filhos do malogrado que j\u00e1 tem sido preparado ao longo dos anos, assumiu o \u201cmanto\u201d do pai, disse ontem, ao Jornal de Angola, o presidente do grupo, Francisco Pimentel \u201ckota Chico\u201d.<br \/>\u201cFilho de peixe \u00e9 peixe\u201d, disse, para justificar a escolha consensual do integrantes do grupo, pelo excelente trabalho demonstrado pelo novo comandante, nos \u00faltimos tempos em prol do crescimento do Uni\u00e3o 10 de Dezembro.<br \/>Para Francisco Pimentel, a escolha n\u00e3o constituiu nenhuma surpresa e j\u00e1 era esperada, porque o \u201cjovem j\u00e1 estava a seguir as pegadas do pai e a ser observado pela direc\u00e7\u00e3o do grupo com alguma anteced\u00eancia\u201d.<br \/>Embora reconhe\u00e7a n\u00e3o ser uma tarefa f\u00e1cil substituir o malogrado Pedro Vidal, que conquistou 14 t\u00edtulos de melhor comandante do Entrudo de Luanda, ainda assim, Francisco Pimentel garante todo o apoio a jovem promessa, cuja miss\u00e3o \u00e9 dar continuidade ao trabalho desenvolvido pelo pai, durante 40 anos de Carnaval, um legado e uma obra sem igual que ficam para as pr\u00f3ximas gera\u00e7\u00f5es.<br \/>O grupo, adiantou, mostrou-se bastante abalado com a morte de Pedro Vidal, a quem considerava \u201cum l\u00edder incompar\u00e1vel\u201d, em especial pela forma como ao longo dos anos o dirigiu. \u201cA vida n\u00e3o p\u00e1ra e temos o dever de continuar e honrar o nome do \u2018eterno comandante\u2019, que vai certamente fazer parte da hist\u00f3ria do Carnaval de Luanda\u201d.<br \/>Francisco Pimentel acrescentou que Bernardo Vidal tem vindo a desenvolver um trabalho positivo e de notoriedade desde os \u201ccassules\u201d at\u00e9 o escal\u00e3o principal. \u201cSempre mostrou vontade de dan\u00e7ar o Carnaval e seguir as pegadas do pai o que prova a passagem de testemunho e continua\u00e7\u00e3o do sonho de preservar a cultura nacional\u201d.<br \/>Os ensaios, lamentou, v\u00e3o estar condicionados para o m\u00eas de Setembro, devido a Covid-19, que continua a fazer v\u00edtimas mortais. Os dan\u00e7arinos e l\u00edderes dos grupos, de adulto e de infantil, esperam ansiosamente ter condi\u00e7\u00f5es para prepararem a pr\u00f3xima edi\u00e7\u00e3o.<br \/>.<\/p>\n","protected":false},"excerpt":{"rendered":"<p>Bernardo Vidal, de 30 anos, um dos filhos do malogrado que j\u00e1 tem sido preparado ao longo dos anos, assumiu o \u201cmanto\u201d do pai, disse ontem, ao Jornal de Angola, o presidente do grupo, Francisco Pimentel \u201ckota Chico<\/p>\n","protected":false},"author":1,"featured_media":1485,"comment_status":"open","ping_status":"open","sticky":false,"template":"","format":"standard","meta":{"footnotes":""},"categories":[15],"tags":[92,236,239],"class_list":{"0":"post-1484","1":"post","2":"type-post","3":"status-publish","4":"format-standard","5":"has-post-thumbnail","7":"category-sociedade","8":"tag-dezembro-tem","9":"tag-um-novo-comandante","10":"tag-uniao10"},"amp_enabled":true,"_links":{"self":[{"href":"https:\/\/tvbelas.com\/tvbelas\/wp-json\/wp\/v2\/posts\/1484","targetHints":{"allow":["GET"]}}],"collection":[{"href":"https:\/\/tvbelas.com\/tvbelas\/wp-json\/wp\/v2\/posts"}],"about":[{"href":"https:\/\/tvbelas.com\/tvbelas\/wp-json\/wp\/v2\/types\/post"}],"author":[{"embeddable":true,"href":"https:\/\/tvbelas.com\/tvbelas\/wp-json\/wp\/v2\/users\/1"}],"replies":[{"embeddable":true,"href":"https:\/\/tvbelas.com\/tvbelas\/wp-json\/wp\/v2\/comments?post=1484"}],"version-history":[{"count":0,"href":"https:\/\/tvbelas.com\/tvbelas\/wp-json\/wp\/v2\/posts\/1484\/revisions"}],"wp:featuredmedia":[{"embeddable":true,"href":"https:\/\/tvbelas.com\/tvbelas\/wp-json\/wp\/v2\/media\/1485"}],"wp:attachment":[{"href":"https:\/\/tvbelas.com\/tvbelas\/wp-json\/wp\/v2\/media?parent=1484"}],"wp:term":[{"taxonomy":"category","embeddable":true,"href":"https:\/\/tvbelas.com\/tvbelas\/wp-json\/wp\/v2\/categories?post=1484"},{"taxonomy":"post_tag","embeddable":true,"href":"https:\/\/tvbelas.com\/tvbelas\/wp-json\/wp\/v2\/tags?post=1484"}],"curies":[{"name":"wp","href":"https:\/\/api.w.org\/{rel}","templated":true}]}}