{"id":1490,"date":"2020-08-21T08:39:42","date_gmt":"2020-08-21T07:39:42","guid":{"rendered":"http:\/\/tvbelas.com\/tvbelas\/?p=1490"},"modified":"2020-08-21T08:39:42","modified_gmt":"2020-08-21T07:39:42","slug":"o-presidente-emmerson-mnangagwa-desafiou-as-igrejas-que-criticaram-abertamente-o-historico-de-direitos-humanos-de-seu-governo","status":"publish","type":"post","link":"https:\/\/tvbelas.com\/tvbelas\/noticias\/internacional\/o-presidente-emmerson-mnangagwa-desafiou-as-igrejas-que-criticaram-abertamente-o-historico-de-direitos-humanos-de-seu-governo\/","title":{"rendered":"O presidente Emmerson Mnangagwa desafiou as igrejas, que criticaram abertamente o hist\u00f3rico de direitos humanos de seu governo"},"content":{"rendered":"\n<p>O presidente Emmerson Mnangagwa desafiou as igrejas, que criticaram abertamente o hist\u00f3rico de direitos humanos de seu governo, a se unirem \u00e0 pol\u00edtica em vez de usar \u201co p\u00falpito para fazer avan\u00e7ar uma agenda nefasta\u201d.Ele tamb\u00e9m se gabou de que seu partido Zanu PF venceria enfaticamente as elei\u00e7\u00f5es de 2023, apesar de o pa\u00eds enfrentar uma infinidade de desafios.Respondendo pela primeira vez a uma carta pastoral condenat\u00f3ria dos bispos cat\u00f3licos sobre a deteriora\u00e7\u00e3o da situa\u00e7\u00e3o pol\u00edtica e econ\u00f4mica no Zimb\u00e1bue, Mnangagwa acusou a Igreja de seguir uma agenda \u201cperversa\u201d.No entanto, \u00e9 muito lament\u00e1vel quando os homens do tecido come\u00e7am a usar o p\u00falpito para promover uma agenda nefasta para os detratores de nosso pa\u00eds\u201d, disse Mnangagwa. \u201cAqueles que desejam entrar no mundo pol\u00edtico s\u00e3o bem-vindos. Eles devem sair e formar partidos pol\u00edticos. Como Zanu PF, estamos prontos para as elei\u00e7\u00f5es de 2023 \u201d. Ele acrescentou: \u201cDizemos n\u00e3o a tend\u00eancias de sabotagem em qualquer aspecto.\u201cZanu PF tem uma rela\u00e7\u00e3o estreita (de trabalho) com a igreja desde os dias da luta de liberta\u00e7\u00e3o.No per\u00edodo p\u00f3s-independ\u00eancia, continuamos comprometidos em trabalhar bem com a igreja para fazer avan\u00e7ar a agenda de desenvolvimento nacional como um povo unido.\u201dA Confer\u00eancia dos Bispos Cat\u00f3licos do Zimb\u00e1bue, em uma carta datada de 14 de agosto de 2020, endossou a campanha #ZimbabweanLivesMatter que viu a comunidade internacional pedir o fim dos abusos dos direitos humanos no pa\u00eds.Os cl\u00e9rigos lamentaram o encolhimento do espa\u00e7o democr\u00e1tico no pa\u00eds.<\/p>\n","protected":false},"excerpt":{"rendered":"<p>O presidente Emmerson Mnangagwa desafiou as igrejas, que criticaram abertamente o hist\u00f3rico de direitos humanos de seu governo<\/p>\n","protected":false},"author":1,"featured_media":1491,"comment_status":"open","ping_status":"open","sticky":false,"template":"","format":"standard","meta":{"footnotes":""},"categories":[22],"tags":[],"class_list":{"0":"post-1490","1":"post","2":"type-post","3":"status-publish","4":"format-standard","5":"has-post-thumbnail","7":"category-internacional"},"amp_enabled":true,"_links":{"self":[{"href":"https:\/\/tvbelas.com\/tvbelas\/wp-json\/wp\/v2\/posts\/1490","targetHints":{"allow":["GET"]}}],"collection":[{"href":"https:\/\/tvbelas.com\/tvbelas\/wp-json\/wp\/v2\/posts"}],"about":[{"href":"https:\/\/tvbelas.com\/tvbelas\/wp-json\/wp\/v2\/types\/post"}],"author":[{"embeddable":true,"href":"https:\/\/tvbelas.com\/tvbelas\/wp-json\/wp\/v2\/users\/1"}],"replies":[{"embeddable":true,"href":"https:\/\/tvbelas.com\/tvbelas\/wp-json\/wp\/v2\/comments?post=1490"}],"version-history":[{"count":0,"href":"https:\/\/tvbelas.com\/tvbelas\/wp-json\/wp\/v2\/posts\/1490\/revisions"}],"wp:featuredmedia":[{"embeddable":true,"href":"https:\/\/tvbelas.com\/tvbelas\/wp-json\/wp\/v2\/media\/1491"}],"wp:attachment":[{"href":"https:\/\/tvbelas.com\/tvbelas\/wp-json\/wp\/v2\/media?parent=1490"}],"wp:term":[{"taxonomy":"category","embeddable":true,"href":"https:\/\/tvbelas.com\/tvbelas\/wp-json\/wp\/v2\/categories?post=1490"},{"taxonomy":"post_tag","embeddable":true,"href":"https:\/\/tvbelas.com\/tvbelas\/wp-json\/wp\/v2\/tags?post=1490"}],"curies":[{"name":"wp","href":"https:\/\/api.w.org\/{rel}","templated":true}]}}