{"id":1493,"date":"2020-08-21T08:52:06","date_gmt":"2020-08-21T07:52:06","guid":{"rendered":"http:\/\/tvbelas.com\/tvbelas\/?p=1493"},"modified":"2020-08-21T08:52:06","modified_gmt":"2020-08-21T07:52:06","slug":"final-da-liga-europa-inter-de-milao-e-sevilha-a-procura-do-trofeu","status":"publish","type":"post","link":"https:\/\/tvbelas.com\/tvbelas\/noticias\/desporto\/final-da-liga-europa-inter-de-milao-e-sevilha-a-procura-do-trofeu\/","title":{"rendered":"Final da Liga Europa: Inter de Mil\u00e3o e Sevilha \u00e0 procura do trof\u00e9u"},"content":{"rendered":"\n<p>O Inter de Mil\u00e3o e o Sevilha disputam esta sexta-feira a final da Liga Europa, em Col\u00f3nia, na Alemanha.H\u00e1 uma d\u00e9cada que a equipa italiana n\u00e3o jogava uma final europeia; desde que venceu a Liga dos Campe\u00f5es em 2010.O treinador, Antonio Conte, diz: &#8220;Temos de provar em campo que merecemos ganhar esta competi\u00e7\u00e3o contra um advers\u00e1rio muito dif\u00edcil. Eles t\u00eam muita experi\u00eancia nesta competi\u00e7\u00e3o, mas n\u00f3s estamos aqui. Precisamos de aproveitar ao m\u00e1ximo a oportunidade e daremos tudo o que estiver ao nosso alcance para tentar p\u00f4r um sorriso nos rostos dos nossos adeptos e garantir que o clube seja bem-sucedido&#8221;.Quanto aos espanh\u00f3is, chegam \u00e0 final ap\u00f3s terem eliminado o favorito da prova, o Manchester United. O treinador do Sevilha, Julen Lopetegui, diz que &#8220;o Inter \u00e9 talhado para uma final da Liga dos Campe\u00f5es e que espera um jogo de grande qualidade onde ser\u00e1 preciso dar o melhor para ganhar&#8221;.O confronto promete um bom momento de futebol. O jogo tem in\u00edcio \u00e0s 20 horas, hora de Lisboa.<\/p>\n","protected":false},"excerpt":{"rendered":"<p>Final da Liga Europa: Inter de Mil\u00e3o e Sevilha \u00e0 procura do trof\u00e9u<\/p>\n","protected":false},"author":1,"featured_media":1494,"comment_status":"open","ping_status":"open","sticky":false,"template":"","format":"standard","meta":{"footnotes":""},"categories":[19],"tags":[119,137],"class_list":{"0":"post-1493","1":"post","2":"type-post","3":"status-publish","4":"format-standard","5":"has-post-thumbnail","7":"category-desporto","8":"tag-final-da-liga-europa","9":"tag-inter-de-milao-e-sevilha"},"amp_enabled":true,"_links":{"self":[{"href":"https:\/\/tvbelas.com\/tvbelas\/wp-json\/wp\/v2\/posts\/1493","targetHints":{"allow":["GET"]}}],"collection":[{"href":"https:\/\/tvbelas.com\/tvbelas\/wp-json\/wp\/v2\/posts"}],"about":[{"href":"https:\/\/tvbelas.com\/tvbelas\/wp-json\/wp\/v2\/types\/post"}],"author":[{"embeddable":true,"href":"https:\/\/tvbelas.com\/tvbelas\/wp-json\/wp\/v2\/users\/1"}],"replies":[{"embeddable":true,"href":"https:\/\/tvbelas.com\/tvbelas\/wp-json\/wp\/v2\/comments?post=1493"}],"version-history":[{"count":0,"href":"https:\/\/tvbelas.com\/tvbelas\/wp-json\/wp\/v2\/posts\/1493\/revisions"}],"wp:featuredmedia":[{"embeddable":true,"href":"https:\/\/tvbelas.com\/tvbelas\/wp-json\/wp\/v2\/media\/1494"}],"wp:attachment":[{"href":"https:\/\/tvbelas.com\/tvbelas\/wp-json\/wp\/v2\/media?parent=1493"}],"wp:term":[{"taxonomy":"category","embeddable":true,"href":"https:\/\/tvbelas.com\/tvbelas\/wp-json\/wp\/v2\/categories?post=1493"},{"taxonomy":"post_tag","embeddable":true,"href":"https:\/\/tvbelas.com\/tvbelas\/wp-json\/wp\/v2\/tags?post=1493"}],"curies":[{"name":"wp","href":"https:\/\/api.w.org\/{rel}","templated":true}]}}