{"id":1516,"date":"2020-08-21T16:51:05","date_gmt":"2020-08-21T15:51:05","guid":{"rendered":"http:\/\/tvbelas.com\/tvbelas\/?p=1516"},"modified":"2020-08-21T16:51:05","modified_gmt":"2020-08-21T15:51:05","slug":"novo-tecnico-do-barcelona-apresentou-nome-de-tres-reforco-para-a-proxima-epoca","status":"publish","type":"post","link":"https:\/\/tvbelas.com\/tvbelas\/noticias\/desporto\/novo-tecnico-do-barcelona-apresentou-nome-de-tres-reforco-para-a-proxima-epoca\/","title":{"rendered":"Novo t\u00e9cnico do Barcelona apresentou nome de tr\u00eas refor\u00e7o para \u00e0 pr\u00f3xima \u00e9poca."},"content":{"rendered":"\n<p>O Holand\u00eas Ronaldo Koeman j\u00e1 deu uma lista \u00e0 directoria do Barcelona com tr\u00eas desejos,segundo As Van Beek,Eric Garc\u00eda,Lautaro Mant\u00ednez s\u00e3o os escolhidos do t\u00e9cnico.Ap\u00f3s a movimenta\u00e7\u00e3o no dia de chegada Koeman como o novo comandante do clube Blagrauna \u00e9 hora de iniciar uma restrutura\u00e7\u00e3o que d\u00ea nova vida a um clube desgastado.Espera-se um projecto que mude significativamente as pe\u00e7as da equipa.Com o vexame passado pela elimina\u00e7\u00e3o contra o Bayer De Munique ea decep\u00e7\u00e3o geral por uma temporada sem t\u00edtulos,resta aguardar e observar \u00e0 capacidade de investimento da direc\u00e7\u00e3o do clube para buscar um time que se encaixe nas ideias do novo t\u00e9cnico diante de uma situa\u00e7\u00e3o financeira afetada pela pandemia.<\/p>\n","protected":false},"excerpt":{"rendered":"<p>O Holand\u00eas Ronaldo Koeman j\u00e1 deu uma lista \u00e0 directoria do Barcelona com tr\u00eas desejos,<\/p>\n","protected":false},"author":1,"featured_media":1517,"comment_status":"open","ping_status":"open","sticky":false,"template":"","format":"standard","meta":{"footnotes":""},"categories":[19],"tags":[54,207],"class_list":{"0":"post-1516","1":"post","2":"type-post","3":"status-publish","4":"format-standard","5":"has-post-thumbnail","7":"category-desporto","8":"tag-barcelona","9":"tag-ronaldo-koeman"},"amp_enabled":true,"_links":{"self":[{"href":"https:\/\/tvbelas.com\/tvbelas\/wp-json\/wp\/v2\/posts\/1516","targetHints":{"allow":["GET"]}}],"collection":[{"href":"https:\/\/tvbelas.com\/tvbelas\/wp-json\/wp\/v2\/posts"}],"about":[{"href":"https:\/\/tvbelas.com\/tvbelas\/wp-json\/wp\/v2\/types\/post"}],"author":[{"embeddable":true,"href":"https:\/\/tvbelas.com\/tvbelas\/wp-json\/wp\/v2\/users\/1"}],"replies":[{"embeddable":true,"href":"https:\/\/tvbelas.com\/tvbelas\/wp-json\/wp\/v2\/comments?post=1516"}],"version-history":[{"count":0,"href":"https:\/\/tvbelas.com\/tvbelas\/wp-json\/wp\/v2\/posts\/1516\/revisions"}],"wp:featuredmedia":[{"embeddable":true,"href":"https:\/\/tvbelas.com\/tvbelas\/wp-json\/wp\/v2\/media\/1517"}],"wp:attachment":[{"href":"https:\/\/tvbelas.com\/tvbelas\/wp-json\/wp\/v2\/media?parent=1516"}],"wp:term":[{"taxonomy":"category","embeddable":true,"href":"https:\/\/tvbelas.com\/tvbelas\/wp-json\/wp\/v2\/categories?post=1516"},{"taxonomy":"post_tag","embeddable":true,"href":"https:\/\/tvbelas.com\/tvbelas\/wp-json\/wp\/v2\/tags?post=1516"}],"curies":[{"name":"wp","href":"https:\/\/api.w.org\/{rel}","templated":true}]}}