{"id":15264,"date":"2023-09-18T10:18:14","date_gmt":"2023-09-18T09:18:14","guid":{"rendered":"http:\/\/tvbelas.com\/tvbelas\/?p=15264"},"modified":"2023-09-18T10:18:19","modified_gmt":"2023-09-18T09:18:19","slug":"atleta-patrocinado-pela-tv-belas-yola-da-piedade-conquista-torneio-17-de-setembro","status":"publish","type":"post","link":"https:\/\/tvbelas.com\/tvbelas\/noticias\/desporto\/atleta-patrocinado-pela-tv-belas-yola-da-piedade-conquista-torneio-17-de-setembro\/","title":{"rendered":"ATLETA PATROCINADO PELA TV BELAS YOLA DA PIEDADE CONQUISTA TORNEIO\u00a0 17 DE SETEMBRO"},"content":{"rendered":"\n<p>A vice-campe\u00e3 africana de jud\u00f4 Yola da Piedade, conquistou neste final semana o torneio 17 de Setembro em mem\u00f3ria ao fundador da na\u00e7\u00e3o Angolana&nbsp; Dr.Ant\u00f3nio&nbsp; Agostinho Neto, ao vencer na final a sua adversaria, em 25 segundos aplicando um dos seus toque waza O-goshi &nbsp;<\/p>\n\n\n\n<figure class=\"wp-block-image size-large\"><img loading=\"lazy\" decoding=\"async\" width=\"1024\" height=\"1024\" src=\"http:\/\/tvbelas.com\/tvbelas\/wp-content\/uploads\/2023\/09\/Captura-de-ecra-2023-09-18-as-09.43.31-1024x1024.png\" alt=\"\" class=\"wp-image-15265\" srcset=\"https:\/\/tvbelas.com\/tvbelas\/wp-content\/uploads\/2023\/09\/Captura-de-ecra-2023-09-18-as-09.43.31-1024x1024.png 1024w, https:\/\/tvbelas.com\/tvbelas\/wp-content\/uploads\/2023\/09\/Captura-de-ecra-2023-09-18-as-09.43.31-300x300.png 300w, https:\/\/tvbelas.com\/tvbelas\/wp-content\/uploads\/2023\/09\/Captura-de-ecra-2023-09-18-as-09.43.31-150x150.png 150w, https:\/\/tvbelas.com\/tvbelas\/wp-content\/uploads\/2023\/09\/Captura-de-ecra-2023-09-18-as-09.43.31-768x767.png 768w, https:\/\/tvbelas.com\/tvbelas\/wp-content\/uploads\/2023\/09\/Captura-de-ecra-2023-09-18-as-09.43.31-1536x1534.png 1536w, https:\/\/tvbelas.com\/tvbelas\/wp-content\/uploads\/2023\/09\/Captura-de-ecra-2023-09-18-as-09.43.31-696x695.png 696w, https:\/\/tvbelas.com\/tvbelas\/wp-content\/uploads\/2023\/09\/Captura-de-ecra-2023-09-18-as-09.43.31-1068x1067.png 1068w, https:\/\/tvbelas.com\/tvbelas\/wp-content\/uploads\/2023\/09\/Captura-de-ecra-2023-09-18-as-09.43.31-420x420.png 420w, https:\/\/tvbelas.com\/tvbelas\/wp-content\/uploads\/2023\/09\/Captura-de-ecra-2023-09-18-as-09.43.31.png 1686w\" sizes=\"auto, (max-width: 1024px) 100vw, 1024px\" \/><\/figure>\n\n\n\n<p>a mais nova promissora do judo nacional, com apenas 15 anos de idade \u00e9 actualmento vice-campe\u00e3 africana de cadetes, e v\u00e1rias vezes campe\u00e3o nacional e provincial, continua a fazer a sua historia no judo nacional, no final da luta a emo\u00e7\u00e3o era vis\u00edvel no rosto da atleta, que igual modo agradeceu Adeus, amigos, familiares.<\/p>\n\n\n\n<p>Yola da Piedade, \u00e9 atleta do clube desportivo do Futungo de Belas que dentro de dias, a campe\u00e3, vai competir nas terras do Bago Vermelho (UIGE)&nbsp; no campeonato nacional de jud\u00f4 em cadetes.<\/p>\n\n\n\n<p>Atleta patrocinado Pela TV Belas, Yola da Piedade conquista toneio 17 de Setembro, organizado pela associa\u00e7\u00e3o municipal de Judo de&nbsp; Vianda<\/p>\n\n\n\n<p>&nbsp;????????????est\u00e1 de parab\u00e9ns ????????&nbsp;<\/p>\n","protected":false},"excerpt":{"rendered":"<p>A vice-campe\u00e3 africana de jud\u00f4 Yola da Piedade, conquistou neste final semana o torneio 17 de Setembro em mem\u00f3ria ao fundador da na\u00e7\u00e3o Angolana&nbsp; Dr.Ant\u00f3nio&nbsp; Agostinho Neto, ao vencer na final a sua adversaria, em 25 segundos aplicando um dos seus toque waza O-goshi &nbsp; a mais nova promissora do judo nacional, com apenas 15 [&hellip;]<\/p>\n","protected":false},"author":1,"featured_media":15265,"comment_status":"open","ping_status":"open","sticky":false,"template":"","format":"standard","meta":{"footnotes":""},"categories":[19],"tags":[],"class_list":{"0":"post-15264","1":"post","2":"type-post","3":"status-publish","4":"format-standard","5":"has-post-thumbnail","7":"category-desporto"},"amp_enabled":true,"_links":{"self":[{"href":"https:\/\/tvbelas.com\/tvbelas\/wp-json\/wp\/v2\/posts\/15264","targetHints":{"allow":["GET"]}}],"collection":[{"href":"https:\/\/tvbelas.com\/tvbelas\/wp-json\/wp\/v2\/posts"}],"about":[{"href":"https:\/\/tvbelas.com\/tvbelas\/wp-json\/wp\/v2\/types\/post"}],"author":[{"embeddable":true,"href":"https:\/\/tvbelas.com\/tvbelas\/wp-json\/wp\/v2\/users\/1"}],"replies":[{"embeddable":true,"href":"https:\/\/tvbelas.com\/tvbelas\/wp-json\/wp\/v2\/comments?post=15264"}],"version-history":[{"count":1,"href":"https:\/\/tvbelas.com\/tvbelas\/wp-json\/wp\/v2\/posts\/15264\/revisions"}],"predecessor-version":[{"id":15266,"href":"https:\/\/tvbelas.com\/tvbelas\/wp-json\/wp\/v2\/posts\/15264\/revisions\/15266"}],"wp:featuredmedia":[{"embeddable":true,"href":"https:\/\/tvbelas.com\/tvbelas\/wp-json\/wp\/v2\/media\/15265"}],"wp:attachment":[{"href":"https:\/\/tvbelas.com\/tvbelas\/wp-json\/wp\/v2\/media?parent=15264"}],"wp:term":[{"taxonomy":"category","embeddable":true,"href":"https:\/\/tvbelas.com\/tvbelas\/wp-json\/wp\/v2\/categories?post=15264"},{"taxonomy":"post_tag","embeddable":true,"href":"https:\/\/tvbelas.com\/tvbelas\/wp-json\/wp\/v2\/tags?post=15264"}],"curies":[{"name":"wp","href":"https:\/\/api.w.org\/{rel}","templated":true}]}}