{"id":1529,"date":"2020-08-21T20:22:32","date_gmt":"2020-08-21T19:22:32","guid":{"rendered":"http:\/\/tvbelas.com\/tvbelas\/?p=1529"},"modified":"2020-08-21T20:22:32","modified_gmt":"2020-08-21T19:22:32","slug":"de-jong-marca-para-o-sevilla-e-iguala-partida-frente-ao-inter","status":"publish","type":"post","link":"https:\/\/tvbelas.com\/tvbelas\/noticias\/desporto\/de-jong-marca-para-o-sevilla-e-iguala-partida-frente-ao-inter\/","title":{"rendered":"De Jong marca para o Sevilla e iguala partida frente ao Inter"},"content":{"rendered":"\n<p><strong>D<\/strong>epois de um erro inicial de Diego Carlos que resultou em grande penalidade convertida por\u00a0Lukaku\u00a0aos cinco minutos, o\u00a0Sevilla\u00a0empatou frente ao Inter logo aos 12 minutos depois de um golo de De\u00a0Jong.Ap\u00f3s um cruzamento da direita, o holand\u00eas da equipa espanhola, mort\u00edfero na\u00a0\u00e1rea, adiantou-se a Diego\u00a0God\u00edn\u00a0e fez o empate no marcador<\/p>\n","protected":false},"excerpt":{"rendered":"<p>Italianos adiantaram-se da marca de pen\u00e1lti e De Jong igualou \u00e0 passagem do minuto 12.<\/p>\n","protected":false},"author":1,"featured_media":1530,"comment_status":"open","ping_status":"open","sticky":false,"template":"","format":"standard","meta":{"footnotes":""},"categories":[19],"tags":[119,124],"class_list":{"0":"post-1529","1":"post","2":"type-post","3":"status-publish","4":"format-standard","5":"has-post-thumbnail","7":"category-desporto","8":"tag-final-da-liga-europa","9":"tag-futebol"},"amp_enabled":true,"_links":{"self":[{"href":"https:\/\/tvbelas.com\/tvbelas\/wp-json\/wp\/v2\/posts\/1529","targetHints":{"allow":["GET"]}}],"collection":[{"href":"https:\/\/tvbelas.com\/tvbelas\/wp-json\/wp\/v2\/posts"}],"about":[{"href":"https:\/\/tvbelas.com\/tvbelas\/wp-json\/wp\/v2\/types\/post"}],"author":[{"embeddable":true,"href":"https:\/\/tvbelas.com\/tvbelas\/wp-json\/wp\/v2\/users\/1"}],"replies":[{"embeddable":true,"href":"https:\/\/tvbelas.com\/tvbelas\/wp-json\/wp\/v2\/comments?post=1529"}],"version-history":[{"count":0,"href":"https:\/\/tvbelas.com\/tvbelas\/wp-json\/wp\/v2\/posts\/1529\/revisions"}],"wp:featuredmedia":[{"embeddable":true,"href":"https:\/\/tvbelas.com\/tvbelas\/wp-json\/wp\/v2\/media\/1530"}],"wp:attachment":[{"href":"https:\/\/tvbelas.com\/tvbelas\/wp-json\/wp\/v2\/media?parent=1529"}],"wp:term":[{"taxonomy":"category","embeddable":true,"href":"https:\/\/tvbelas.com\/tvbelas\/wp-json\/wp\/v2\/categories?post=1529"},{"taxonomy":"post_tag","embeddable":true,"href":"https:\/\/tvbelas.com\/tvbelas\/wp-json\/wp\/v2\/tags?post=1529"}],"curies":[{"name":"wp","href":"https:\/\/api.w.org\/{rel}","templated":true}]}}