{"id":15636,"date":"2023-11-16T18:48:28","date_gmt":"2023-11-16T17:48:28","guid":{"rendered":"http:\/\/tvbelas.com\/tvbelas\/?p=15636"},"modified":"2023-11-20T09:08:22","modified_gmt":"2023-11-20T08:08:22","slug":"daniel-domingos-atleta-do-kikuxi-villas-club-e-a-maior-promessa-do-tenis-angolano","status":"publish","type":"post","link":"https:\/\/tvbelas.com\/tvbelas\/noticias\/desporto\/daniel-domingos-atleta-do-kikuxi-villas-club-e-a-maior-promessa-do-tenis-angolano\/","title":{"rendered":"DANIEL DOMINGOS ATLETA DO KIKUXI VILLAS CLUB \u00c9 A MAIOR PROMESSA DO T\u00c9NIS ANGOLANO"},"content":{"rendered":"\n<p>Daniel Domingos o menino Prodigio do t\u00e9nis Angolano e do continente Africano, com apenas 16 anos de idade, o atleta do Kikuxi Villas Club, \u00e9 mais do que uma promessa, \u00e9 uma verdadeira afirma\u00e7\u00e3o em Angola e n\u00e3o s\u00f3.<br>Daniel Domingos, numa conversa descontra\u00edda, a TV Belas, contou ao Jornalista Erick Gon\u00e7alves, como foi parar ao T\u00e9nis e, mesmo confessa na entrevista exclusiva, que desde o in\u00edcio, teve o apoio incondicional dos pa\u00eds.<\/p>\n\n\n\n<figure class=\"wp-block-image size-large\"><img loading=\"lazy\" decoding=\"async\" width=\"1024\" height=\"683\" src=\"http:\/\/tvbelas.com\/tvbelas\/wp-content\/uploads\/2023\/11\/399644421_17950787627704298_894720496130085186_n-1024x683.jpg\" alt=\"\" class=\"wp-image-15637\" srcset=\"https:\/\/tvbelas.com\/tvbelas\/wp-content\/uploads\/2023\/11\/399644421_17950787627704298_894720496130085186_n-1024x683.jpg 1024w, https:\/\/tvbelas.com\/tvbelas\/wp-content\/uploads\/2023\/11\/399644421_17950787627704298_894720496130085186_n-300x200.jpg 300w, https:\/\/tvbelas.com\/tvbelas\/wp-content\/uploads\/2023\/11\/399644421_17950787627704298_894720496130085186_n-768x512.jpg 768w, https:\/\/tvbelas.com\/tvbelas\/wp-content\/uploads\/2023\/11\/399644421_17950787627704298_894720496130085186_n-150x100.jpg 150w, https:\/\/tvbelas.com\/tvbelas\/wp-content\/uploads\/2023\/11\/399644421_17950787627704298_894720496130085186_n-696x464.jpg 696w, https:\/\/tvbelas.com\/tvbelas\/wp-content\/uploads\/2023\/11\/399644421_17950787627704298_894720496130085186_n-630x420.jpg 630w, https:\/\/tvbelas.com\/tvbelas\/wp-content\/uploads\/2023\/11\/399644421_17950787627704298_894720496130085186_n.jpg 1065w\" sizes=\"auto, (max-width: 1024px) 100vw, 1024px\" \/><\/figure>\n\n\n\n<p> Manuel Domingos, Pai do prod\u00edgio angolano, que a par de apoiar o filho, confidenciou a TV Belas que no princ\u00edpio esteve meio reticente quanto a entrada de Daniel, no mundo desportivo.<\/p>\n\n\n\n<figure class=\"wp-block-image size-large\"><img loading=\"lazy\" decoding=\"async\" width=\"1024\" height=\"683\" src=\"http:\/\/tvbelas.com\/tvbelas\/wp-content\/uploads\/2023\/11\/399753281_17950787639704298_6431747990844782708_n-1024x683.jpg\" alt=\"\" class=\"wp-image-15638\" srcset=\"https:\/\/tvbelas.com\/tvbelas\/wp-content\/uploads\/2023\/11\/399753281_17950787639704298_6431747990844782708_n-1024x683.jpg 1024w, https:\/\/tvbelas.com\/tvbelas\/wp-content\/uploads\/2023\/11\/399753281_17950787639704298_6431747990844782708_n-300x200.jpg 300w, https:\/\/tvbelas.com\/tvbelas\/wp-content\/uploads\/2023\/11\/399753281_17950787639704298_6431747990844782708_n-768x512.jpg 768w, https:\/\/tvbelas.com\/tvbelas\/wp-content\/uploads\/2023\/11\/399753281_17950787639704298_6431747990844782708_n-150x100.jpg 150w, https:\/\/tvbelas.com\/tvbelas\/wp-content\/uploads\/2023\/11\/399753281_17950787639704298_6431747990844782708_n-696x464.jpg 696w, https:\/\/tvbelas.com\/tvbelas\/wp-content\/uploads\/2023\/11\/399753281_17950787639704298_6431747990844782708_n-630x420.jpg 630w, https:\/\/tvbelas.com\/tvbelas\/wp-content\/uploads\/2023\/11\/399753281_17950787639704298_6431747990844782708_n.jpg 1065w\" sizes=\"auto, (max-width: 1024px) 100vw, 1024px\" \/><\/figure>\n\n\n\n<p>Recorda-se que Daniel Domingos, venceu na sexta-feira, 10 de Novembro de 2023, o Indiano Showrya Samala, por dois setes a zero, com parciais 6-2 e 6-3 e sagrou-se campe\u00e3o da primeira etapa do ITF World Tennis Tour, realizado em Angola, para felicidade mais do que vis\u00edvel da m\u00e3e do atleta.e por outro lado Jo\u00e3o Almeida, \u00e9 director t\u00e9cnico da Academia de T\u00e9nis Kikuxi Villas Club e real\u00e7ou as qualidades do seu atleta.Daniel, diz que \u00e9 e ser\u00e1 eternamente grato ao Kikuxi Villas Club pela aposta e oportunidade que lhe foi concedida.<br>O atleta, para al\u00e9m de falar das suas inspira\u00e7\u00f5es, disse ainda qual \u00e9 o seu grande sonho e objectivo.<\/p>\n\n\n\n<figure class=\"wp-block-image size-large\"><img loading=\"lazy\" decoding=\"async\" width=\"1024\" height=\"683\" src=\"http:\/\/tvbelas.com\/tvbelas\/wp-content\/uploads\/2023\/11\/401511839_17950787648704298_6431967682612901548_n-1024x683.jpg\" alt=\"\" class=\"wp-image-15639\" srcset=\"https:\/\/tvbelas.com\/tvbelas\/wp-content\/uploads\/2023\/11\/401511839_17950787648704298_6431967682612901548_n-1024x683.jpg 1024w, https:\/\/tvbelas.com\/tvbelas\/wp-content\/uploads\/2023\/11\/401511839_17950787648704298_6431967682612901548_n-300x200.jpg 300w, https:\/\/tvbelas.com\/tvbelas\/wp-content\/uploads\/2023\/11\/401511839_17950787648704298_6431967682612901548_n-768x512.jpg 768w, https:\/\/tvbelas.com\/tvbelas\/wp-content\/uploads\/2023\/11\/401511839_17950787648704298_6431967682612901548_n-150x100.jpg 150w, https:\/\/tvbelas.com\/tvbelas\/wp-content\/uploads\/2023\/11\/401511839_17950787648704298_6431967682612901548_n-696x464.jpg 696w, https:\/\/tvbelas.com\/tvbelas\/wp-content\/uploads\/2023\/11\/401511839_17950787648704298_6431967682612901548_n-630x420.jpg 630w, https:\/\/tvbelas.com\/tvbelas\/wp-content\/uploads\/2023\/11\/401511839_17950787648704298_6431967682612901548_n.jpg 1065w\" sizes=\"auto, (max-width: 1024px) 100vw, 1024px\" \/><\/figure>\n\n\n\n<p>Daniel Domingos, atleta do Kikuxi Villas Club, de apenas 16 anos, \u00e9 actualmente, o melhor atleta angolano.<br>Refira-se que de acordo com a \u00faltima actualiza\u00e7\u00e3o, Daniel, \u00e9 o angolano melhor posicionado no Ranking ITF, somando 31, 5 pontos, ocupando a posi\u00e7\u00e3o 1615.<\/p>\n","protected":false},"excerpt":{"rendered":"<p>Daniel Domingos o menino Prodigio do t\u00e9nis Angolano e do continente Africano, com apenas 16 anos de idade, o atleta do Kikuxi Villas Club, \u00e9 mais do que uma promessa, \u00e9 uma verdadeira afirma\u00e7\u00e3o em Angola e n\u00e3o s\u00f3.Daniel Domingos, numa conversa descontra\u00edda, a TV Belas, contou ao Jornalista Erick Gon\u00e7alves, como foi parar ao [&hellip;]<\/p>\n","protected":false},"author":1,"featured_media":15640,"comment_status":"open","ping_status":"closed","sticky":false,"template":"","format":"standard","meta":{"footnotes":""},"categories":[19],"tags":[],"class_list":{"0":"post-15636","1":"post","2":"type-post","3":"status-publish","4":"format-standard","5":"has-post-thumbnail","7":"category-desporto"},"amp_enabled":true,"_links":{"self":[{"href":"https:\/\/tvbelas.com\/tvbelas\/wp-json\/wp\/v2\/posts\/15636","targetHints":{"allow":["GET"]}}],"collection":[{"href":"https:\/\/tvbelas.com\/tvbelas\/wp-json\/wp\/v2\/posts"}],"about":[{"href":"https:\/\/tvbelas.com\/tvbelas\/wp-json\/wp\/v2\/types\/post"}],"author":[{"embeddable":true,"href":"https:\/\/tvbelas.com\/tvbelas\/wp-json\/wp\/v2\/users\/1"}],"replies":[{"embeddable":true,"href":"https:\/\/tvbelas.com\/tvbelas\/wp-json\/wp\/v2\/comments?post=15636"}],"version-history":[{"count":1,"href":"https:\/\/tvbelas.com\/tvbelas\/wp-json\/wp\/v2\/posts\/15636\/revisions"}],"predecessor-version":[{"id":15641,"href":"https:\/\/tvbelas.com\/tvbelas\/wp-json\/wp\/v2\/posts\/15636\/revisions\/15641"}],"wp:featuredmedia":[{"embeddable":true,"href":"https:\/\/tvbelas.com\/tvbelas\/wp-json\/wp\/v2\/media\/15640"}],"wp:attachment":[{"href":"https:\/\/tvbelas.com\/tvbelas\/wp-json\/wp\/v2\/media?parent=15636"}],"wp:term":[{"taxonomy":"category","embeddable":true,"href":"https:\/\/tvbelas.com\/tvbelas\/wp-json\/wp\/v2\/categories?post=15636"},{"taxonomy":"post_tag","embeddable":true,"href":"https:\/\/tvbelas.com\/tvbelas\/wp-json\/wp\/v2\/tags?post=15636"}],"curies":[{"name":"wp","href":"https:\/\/api.w.org\/{rel}","templated":true}]}}