{"id":1587,"date":"2020-08-24T16:44:29","date_gmt":"2020-08-24T15:44:29","guid":{"rendered":"http:\/\/tvbelas.com\/tvbelas\/?p=1587"},"modified":"2020-08-24T16:44:29","modified_gmt":"2020-08-24T15:44:29","slug":"abel-chivukuvuku-a-favor-de-coligacao-de-oposicao-nas-eleicoes-gerais-de-2022","status":"publish","type":"post","link":"https:\/\/tvbelas.com\/tvbelas\/noticias\/politica-angola\/abel-chivukuvuku-a-favor-de-coligacao-de-oposicao-nas-eleicoes-gerais-de-2022\/","title":{"rendered":"Abel Chivukuvuku a favor de coliga\u00e7\u00e3o de oposi\u00e7\u00e3o nas elei\u00e7\u00f5es gerais de 2022"},"content":{"rendered":"\n<p>Para as elei\u00e7\u00f5es gerais Angolanas em 2022, Abel Chivukuvuku revelou-se hoje, a favor de participa\u00e7\u00e3o de prov\u00e1vel coliga\u00e7\u00e3o de partidos da oposi\u00e7\u00e3o, sendo esse o tema defendido por uma sociedade Civil.<\/p>\n\n\n\n<p>bel Chivukuvuku, que luta pela legaliza\u00e7\u00e3o do seu novo projeto pol\u00edtico, denominado PRA-JA Servir Angola, participou hoje de uma mesa redonda virtual, promovida pela organiza\u00e7\u00e3o internacional Friends of Angola (FOA), sobre o registo do projeto PRA-JA Servir Angola e o processo democr\u00e1tico em Angola.<\/p>\n\n\n\n<p>Segundo Abel Chivukuvuku, tem sido abordado nesse sentido, desmistificando a ideia de que apenas aceitaria um cargo de lideran\u00e7a.<\/p>\n\n\n\n<p>&#8220;H\u00e1 uma perce\u00e7\u00e3o que ou o mano Abel \u00e9 presidente ou n\u00e3o aceita mais nada, mas n\u00e3o tem nada a ver. Eu n\u00e3o fui presidente da UNITA [Uni\u00e3o Nacional para a Independ\u00eancia Total de Angola, maior partido da oposi\u00e7\u00e3o] e participei na vida da UNITA durante mais de 30 anos&#8221;, referiu.<\/p>\n\n\n\n<p>O pol\u00edtico angolano, que liderou at\u00e9 fevereiro de 2019 a Converg\u00eancia Ampla de Salva\u00e7\u00e3o de Angola-Coliga\u00e7\u00e3o Eleitoral (CASA-CE), a segunda for\u00e7a pol\u00edtica da oposi\u00e7\u00e3o, que criou em 2012, conta que haja um espa\u00e7o de participa\u00e7\u00e3o.<\/p>\n\n\n\n<p>Abel Chivuvkuvuku frisou que defende a ideia e n\u00e3o tem a preocupa\u00e7\u00e3o de &#8220;quem passe \u00e0 frente&#8221;:&#8221;Se isso ajuda o pa\u00eds, contribui para melhorar a qualidade dos processos pol\u00edticos&#8221;.<\/p>\n\n\n\n<p>&#8220;Por que n\u00e3o fazer. \u00c9 o que eu j\u00e1 defendi, o fundamento da nossa participa\u00e7\u00e3o tem que ser a motiva\u00e7\u00e3o, se a nossa motiva\u00e7\u00e3o \u00e9 contribuir o importante \u00e9 que vejamos entre n\u00f3s todos, quem est\u00e1 em melhores condi\u00e7\u00f5es, se \u00e9 o Adalberto [l\u00edder da UNITA] que passe \u00e0 frente, se \u00e9 o Ngonda [l\u00edder da Frente Nacional de Liberta\u00e7\u00e3o de Angola] que passe \u00e0 frente, se \u00e9 o Justino [Bloco Democr\u00e1tico] que passe \u00e0 frente, se \u00e9 o Abel que passe \u00e0 frente&#8221;, considerou.<\/p>\n\n\n\n<p>O pol\u00edtico disse que tem partilhado sobre esta mat\u00e9ria a sua reflex\u00e3o, contribu\u00eddo com o seu pensamento e v\u00ea que Angola &#8220;n\u00e3o devia se fechar a uma possibilidade desse tipo&#8221;.<\/p>\n\n\n\n<p>&#8220;Desde que os prop\u00f3sitos sejam Angola, desde que o prop\u00f3sito n\u00e3o seja s\u00f3 ter um lugar como deputado, um lugar como ministro&#8221;, indicou, salientando que j\u00e1 deu mostras que n\u00e3o s\u00e3o esses os seus intentos.<\/p>\n","protected":false},"excerpt":{"rendered":"<p>Abel Chivukuvuku a favor de coliga\u00e7\u00e3o de oposi\u00e7\u00e3o nas elei\u00e7\u00f5es gerais de 2022<\/p>\n","protected":false},"author":1,"featured_media":1588,"comment_status":"open","ping_status":"open","sticky":false,"template":"","format":"standard","meta":{"footnotes":""},"categories":[12],"tags":[],"class_list":{"0":"post-1587","1":"post","2":"type-post","3":"status-publish","4":"format-standard","5":"has-post-thumbnail","7":"category-politica-angola"},"amp_enabled":true,"_links":{"self":[{"href":"https:\/\/tvbelas.com\/tvbelas\/wp-json\/wp\/v2\/posts\/1587","targetHints":{"allow":["GET"]}}],"collection":[{"href":"https:\/\/tvbelas.com\/tvbelas\/wp-json\/wp\/v2\/posts"}],"about":[{"href":"https:\/\/tvbelas.com\/tvbelas\/wp-json\/wp\/v2\/types\/post"}],"author":[{"embeddable":true,"href":"https:\/\/tvbelas.com\/tvbelas\/wp-json\/wp\/v2\/users\/1"}],"replies":[{"embeddable":true,"href":"https:\/\/tvbelas.com\/tvbelas\/wp-json\/wp\/v2\/comments?post=1587"}],"version-history":[{"count":0,"href":"https:\/\/tvbelas.com\/tvbelas\/wp-json\/wp\/v2\/posts\/1587\/revisions"}],"wp:featuredmedia":[{"embeddable":true,"href":"https:\/\/tvbelas.com\/tvbelas\/wp-json\/wp\/v2\/media\/1588"}],"wp:attachment":[{"href":"https:\/\/tvbelas.com\/tvbelas\/wp-json\/wp\/v2\/media?parent=1587"}],"wp:term":[{"taxonomy":"category","embeddable":true,"href":"https:\/\/tvbelas.com\/tvbelas\/wp-json\/wp\/v2\/categories?post=1587"},{"taxonomy":"post_tag","embeddable":true,"href":"https:\/\/tvbelas.com\/tvbelas\/wp-json\/wp\/v2\/tags?post=1587"}],"curies":[{"name":"wp","href":"https:\/\/api.w.org\/{rel}","templated":true}]}}