{"id":15895,"date":"2024-01-27T18:43:52","date_gmt":"2024-01-27T17:43:52","guid":{"rendered":"http:\/\/tvbelas.com\/tvbelas\/?p=15895"},"modified":"2024-01-27T18:43:55","modified_gmt":"2024-01-27T17:43:55","slug":"osvaldo-jogador-da-afa-e-mais-um-atleta-premiado-com-a-distincao-de-melhor-em-campo","status":"publish","type":"post","link":"https:\/\/tvbelas.com\/tvbelas\/noticias\/desporto\/osvaldo-jogador-da-afa-e-mais-um-atleta-premiado-com-a-distincao-de-melhor-em-campo\/","title":{"rendered":"OSVALDO, JOGADOR DA AFA \u00c9 MAIS UM ATLETA PREMIADO COM A DISTIN\u00c7\u00c3O DE MELHOR EM CAMPO"},"content":{"rendered":"\n<p>Neste s\u00e1bado na abertura da 13\u00aa jornada da Liga de Futebol de Luanda a TV Belas, emissora oficial da competi\u00e7\u00e3o elegeu o m\u00e9dio ofensivo da AFA, Osvaldo como melhor jogador em campo.<\/p>\n\n\n\n<p>O atleta esteve em destaque na organiza\u00e7\u00e3o de jogo da sua equipa que derrotou o Inter B por 1-0 com golos de sua autoria .<\/p>\n\n\n\n<p>Recordamos que o homem do jogo \u00e9 votado pelos profissionais da nossa emissora, respectivamente Narradores, t\u00e9cnicos e comentadores em servi\u00e7o , assim como profissionais de outros \u00f3rg\u00e3os que estejam no campo em miss\u00e3o de trabalho.<\/p>\n\n\n\n<p>O p\u00fablico pode tamb\u00e9m votar, apenas a partir dos 25 minutos da 2\u00aa parte ou seja 70 minutos de jogo, fazendo-o pelo Instagram da TV Belas (link : www.instagram.com\/tvbelas ou por mensagem para o WatsApp +244 926 410 091.<\/p>\n\n\n\n<p>No Facebook n\u00e3o aceitamos vota\u00e7\u00e3o para o melhor em campo.<\/p>\n\n\n\n<p>Nesta rede social desejamos apenas intera\u00e7\u00e3o sobre o jogo, opini\u00f5es sobre a transmiss\u00e3o e que em particular digam sempre de onde teclam, distrito ou munic\u00edpio e prov\u00edncia assim como cidade e Pa\u00eds, se estiver a faz\u00ea-lo fora de Angola.<\/p>\n\n\n\n<p>TV BELAS TV Belas, juntos criamos a nossa hist\u00f3ria.<\/p>\n\n\n\n<figure class=\"wp-block-gallery has-nested-images columns-default is-cropped wp-block-gallery-1 is-layout-flex wp-block-gallery-is-layout-flex\">\n<figure class=\"wp-block-image size-large\"><img loading=\"lazy\" decoding=\"async\" width=\"1024\" height=\"777\" data-id=\"15900\" src=\"http:\/\/tvbelas.com\/tvbelas\/wp-content\/uploads\/2024\/01\/Captura-de-ecra-2024-01-27-as-18.36.09-1024x777.png\" alt=\"\" class=\"wp-image-15900\" srcset=\"https:\/\/tvbelas.com\/tvbelas\/wp-content\/uploads\/2024\/01\/Captura-de-ecra-2024-01-27-as-18.36.09-1024x777.png 1024w, https:\/\/tvbelas.com\/tvbelas\/wp-content\/uploads\/2024\/01\/Captura-de-ecra-2024-01-27-as-18.36.09-300x228.png 300w, https:\/\/tvbelas.com\/tvbelas\/wp-content\/uploads\/2024\/01\/Captura-de-ecra-2024-01-27-as-18.36.09-768x583.png 768w, https:\/\/tvbelas.com\/tvbelas\/wp-content\/uploads\/2024\/01\/Captura-de-ecra-2024-01-27-as-18.36.09-1536x1166.png 1536w, https:\/\/tvbelas.com\/tvbelas\/wp-content\/uploads\/2024\/01\/Captura-de-ecra-2024-01-27-as-18.36.09-2048x1554.png 2048w, https:\/\/tvbelas.com\/tvbelas\/wp-content\/uploads\/2024\/01\/Captura-de-ecra-2024-01-27-as-18.36.09-150x114.png 150w, https:\/\/tvbelas.com\/tvbelas\/wp-content\/uploads\/2024\/01\/Captura-de-ecra-2024-01-27-as-18.36.09-696x528.png 696w, https:\/\/tvbelas.com\/tvbelas\/wp-content\/uploads\/2024\/01\/Captura-de-ecra-2024-01-27-as-18.36.09-1068x810.png 1068w, https:\/\/tvbelas.com\/tvbelas\/wp-content\/uploads\/2024\/01\/Captura-de-ecra-2024-01-27-as-18.36.09-1920x1457.png 1920w, https:\/\/tvbelas.com\/tvbelas\/wp-content\/uploads\/2024\/01\/Captura-de-ecra-2024-01-27-as-18.36.09-553x420.png 553w\" sizes=\"auto, (max-width: 1024px) 100vw, 1024px\" \/><\/figure>\n\n\n\n<figure class=\"wp-block-image size-large\"><img loading=\"lazy\" decoding=\"async\" width=\"1024\" height=\"769\" data-id=\"15896\" src=\"http:\/\/tvbelas.com\/tvbelas\/wp-content\/uploads\/2024\/01\/Captura-de-ecra-2024-01-27-as-18.36.33-1024x769.png\" alt=\"\" class=\"wp-image-15896\" srcset=\"https:\/\/tvbelas.com\/tvbelas\/wp-content\/uploads\/2024\/01\/Captura-de-ecra-2024-01-27-as-18.36.33-1024x769.png 1024w, https:\/\/tvbelas.com\/tvbelas\/wp-content\/uploads\/2024\/01\/Captura-de-ecra-2024-01-27-as-18.36.33-300x225.png 300w, https:\/\/tvbelas.com\/tvbelas\/wp-content\/uploads\/2024\/01\/Captura-de-ecra-2024-01-27-as-18.36.33-768x576.png 768w, https:\/\/tvbelas.com\/tvbelas\/wp-content\/uploads\/2024\/01\/Captura-de-ecra-2024-01-27-as-18.36.33-1536x1153.png 1536w, https:\/\/tvbelas.com\/tvbelas\/wp-content\/uploads\/2024\/01\/Captura-de-ecra-2024-01-27-as-18.36.33-150x113.png 150w, https:\/\/tvbelas.com\/tvbelas\/wp-content\/uploads\/2024\/01\/Captura-de-ecra-2024-01-27-as-18.36.33-696x522.png 696w, https:\/\/tvbelas.com\/tvbelas\/wp-content\/uploads\/2024\/01\/Captura-de-ecra-2024-01-27-as-18.36.33-1068x802.png 1068w, https:\/\/tvbelas.com\/tvbelas\/wp-content\/uploads\/2024\/01\/Captura-de-ecra-2024-01-27-as-18.36.33-560x420.png 560w, https:\/\/tvbelas.com\/tvbelas\/wp-content\/uploads\/2024\/01\/Captura-de-ecra-2024-01-27-as-18.36.33-265x198.png 265w, https:\/\/tvbelas.com\/tvbelas\/wp-content\/uploads\/2024\/01\/Captura-de-ecra-2024-01-27-as-18.36.33.png 1884w\" sizes=\"auto, (max-width: 1024px) 100vw, 1024px\" \/><\/figure>\n<\/figure>\n","protected":false},"excerpt":{"rendered":"<p>Neste s\u00e1bado na abertura da 13\u00aa jornada da Liga de Futebol de Luanda a TV Belas, emissora oficial da competi\u00e7\u00e3o elegeu o m\u00e9dio ofensivo da AFA, Osvaldo como melhor jogador em campo. O atleta esteve em destaque na organiza\u00e7\u00e3o de jogo da sua equipa que derrotou o Inter B por 1-0 com golos de sua [&hellip;]<\/p>\n","protected":false},"author":1,"featured_media":15899,"comment_status":"open","ping_status":"closed","sticky":false,"template":"","format":"standard","meta":{"footnotes":""},"categories":[19],"tags":[],"class_list":{"0":"post-15895","1":"post","2":"type-post","3":"status-publish","4":"format-standard","5":"has-post-thumbnail","7":"category-desporto"},"amp_enabled":true,"_links":{"self":[{"href":"https:\/\/tvbelas.com\/tvbelas\/wp-json\/wp\/v2\/posts\/15895","targetHints":{"allow":["GET"]}}],"collection":[{"href":"https:\/\/tvbelas.com\/tvbelas\/wp-json\/wp\/v2\/posts"}],"about":[{"href":"https:\/\/tvbelas.com\/tvbelas\/wp-json\/wp\/v2\/types\/post"}],"author":[{"embeddable":true,"href":"https:\/\/tvbelas.com\/tvbelas\/wp-json\/wp\/v2\/users\/1"}],"replies":[{"embeddable":true,"href":"https:\/\/tvbelas.com\/tvbelas\/wp-json\/wp\/v2\/comments?post=15895"}],"version-history":[{"count":1,"href":"https:\/\/tvbelas.com\/tvbelas\/wp-json\/wp\/v2\/posts\/15895\/revisions"}],"predecessor-version":[{"id":15901,"href":"https:\/\/tvbelas.com\/tvbelas\/wp-json\/wp\/v2\/posts\/15895\/revisions\/15901"}],"wp:featuredmedia":[{"embeddable":true,"href":"https:\/\/tvbelas.com\/tvbelas\/wp-json\/wp\/v2\/media\/15899"}],"wp:attachment":[{"href":"https:\/\/tvbelas.com\/tvbelas\/wp-json\/wp\/v2\/media?parent=15895"}],"wp:term":[{"taxonomy":"category","embeddable":true,"href":"https:\/\/tvbelas.com\/tvbelas\/wp-json\/wp\/v2\/categories?post=15895"},{"taxonomy":"post_tag","embeddable":true,"href":"https:\/\/tvbelas.com\/tvbelas\/wp-json\/wp\/v2\/tags?post=15895"}],"curies":[{"name":"wp","href":"https:\/\/api.w.org\/{rel}","templated":true}]}}