{"id":1590,"date":"2020-08-24T16:51:54","date_gmt":"2020-08-24T15:51:54","guid":{"rendered":"http:\/\/tvbelas.com\/tvbelas\/?p=1590"},"modified":"2020-08-24T16:51:54","modified_gmt":"2020-08-24T15:51:54","slug":"comando-provincial-da-huila-aposta-na-formacao-de-quadros","status":"publish","type":"post","link":"https:\/\/tvbelas.com\/tvbelas\/noticias\/sociedade\/comando-provincial-da-huila-aposta-na-formacao-de-quadros\/","title":{"rendered":"COMANDO PROVINCIAL DA HU\u00cdLA APOSTA NA FORMA\u00c7\u00c3O DE QUADROS"},"content":{"rendered":"\n<p>HU\u00cdLA &#8211; O Comando Provincial da Hu\u00edla da Pol\u00edcia Nacional escolheu, dentre outras prioridades, em termos de gest\u00e3o da seguran\u00e7a p\u00fablica, a forma\u00e7\u00e3o de quadros que comp\u00f5em o respectivo Comando.<\/p>\n\n\n\n<p>Para a materializa\u00e7\u00e3o deste desiderato esta estrutura policial est\u00e1 a realizar uma forma\u00e7\u00e3o em mat\u00e9rias de Estrat\u00e9gias e T\u00e1cticas de Preven\u00e7\u00e3o Criminal, destinada aos Segundos Comandantes Municipais, de Esquadras, Comandantes de Postos Policiais, Chefes de Opera\u00e7\u00f5es das Esquadras, Graduados de Servi\u00e7o e Chefes das Equipas de Proximidade.<\/p>\n\n\n\n<p>Com trinta e um (31) efectivos do Comando Provincial da Pol\u00edcia na Huila a mesma decorre na sala de reuni\u00f5es daquele Comando e ter\u00e1 a dura\u00e7\u00e3o de tr\u00eas meses.<\/p>\n\n\n\n<p>A forma\u00e7\u00e3o visa, segundo o comiss\u00e1rio, Divaldo Martins, Comandante Provincial, potenciar os efectivos para que estes possam atuar com a efici\u00eancia e efic\u00e1cia necess\u00e1ria.<\/p>\n\n\n\n<p>O dirigente fez saber, por outro lado, que nestes tr\u00eas meses ser\u00e3o ministradas mat\u00e9rias sobre Organiza\u00e7\u00e3o e Funcionamento das Esquadras, Modelos e T\u00e1cticas de Policiamento, Atendimento ao P\u00fablico, Elabora\u00e7\u00e3o e Tramita\u00e7\u00e3o de Expediente, Investiga\u00e7\u00e3o Criminal, Intelig\u00eancia Policial, T\u00e1cticas de Patrulhamento, al\u00e9m de Prepara\u00e7\u00e3o F\u00edsica, Armamento e Tiro e Ordem Unida.<\/p>\n","protected":false},"excerpt":{"rendered":"<p>COMANDO PROVINCIAL DA HU\u00cdLA APOSTA NA FORMA\u00c7\u00c3O DE QUADROS<\/p>\n","protected":false},"author":1,"featured_media":1591,"comment_status":"open","ping_status":"open","sticky":false,"template":"","format":"standard","meta":{"footnotes":""},"categories":[15],"tags":[178,195],"class_list":{"0":"post-1590","1":"post","2":"type-post","3":"status-publish","4":"format-standard","5":"has-post-thumbnail","7":"category-sociedade","8":"tag-nacional","9":"tag-policia-2"},"amp_enabled":true,"_links":{"self":[{"href":"https:\/\/tvbelas.com\/tvbelas\/wp-json\/wp\/v2\/posts\/1590","targetHints":{"allow":["GET"]}}],"collection":[{"href":"https:\/\/tvbelas.com\/tvbelas\/wp-json\/wp\/v2\/posts"}],"about":[{"href":"https:\/\/tvbelas.com\/tvbelas\/wp-json\/wp\/v2\/types\/post"}],"author":[{"embeddable":true,"href":"https:\/\/tvbelas.com\/tvbelas\/wp-json\/wp\/v2\/users\/1"}],"replies":[{"embeddable":true,"href":"https:\/\/tvbelas.com\/tvbelas\/wp-json\/wp\/v2\/comments?post=1590"}],"version-history":[{"count":0,"href":"https:\/\/tvbelas.com\/tvbelas\/wp-json\/wp\/v2\/posts\/1590\/revisions"}],"wp:featuredmedia":[{"embeddable":true,"href":"https:\/\/tvbelas.com\/tvbelas\/wp-json\/wp\/v2\/media\/1591"}],"wp:attachment":[{"href":"https:\/\/tvbelas.com\/tvbelas\/wp-json\/wp\/v2\/media?parent=1590"}],"wp:term":[{"taxonomy":"category","embeddable":true,"href":"https:\/\/tvbelas.com\/tvbelas\/wp-json\/wp\/v2\/categories?post=1590"},{"taxonomy":"post_tag","embeddable":true,"href":"https:\/\/tvbelas.com\/tvbelas\/wp-json\/wp\/v2\/tags?post=1590"}],"curies":[{"name":"wp","href":"https:\/\/api.w.org\/{rel}","templated":true}]}}