{"id":15953,"date":"2024-02-06T21:19:34","date_gmt":"2024-02-06T20:19:34","guid":{"rendered":"http:\/\/tvbelas.com\/tvbelas\/?p=15953"},"modified":"2024-02-06T21:19:37","modified_gmt":"2024-02-06T20:19:37","slug":"presidente-da-camara-de-comercio-e-industria-angola-turquia-recebe-equipa-pertencente-ao-programa-das-nacoes-unidas-para-o-desenvolvimento-pnud-em-angola","status":"publish","type":"post","link":"https:\/\/tvbelas.com\/tvbelas\/noticias\/politica-angola\/presidente-da-camara-de-comercio-e-industria-angola-turquia-recebe-equipa-pertencente-ao-programa-das-nacoes-unidas-para-o-desenvolvimento-pnud-em-angola\/","title":{"rendered":"PRESIDENTE DA C\u00c2MARA DE COM\u00c9RCIO E IND\u00daSTRIA ANGOLA TURQUIA RECEBE EQUIPA PERTENCENTE AO PROGRAMA DAS NA\u00c7\u00d5ES UNIDAS PARA O DESENVOLVIMENTO (PNUD) EM ANGOLA"},"content":{"rendered":"\n<p>O Presidente da C\u00e2mara de Com\u00e9rcio e Ind\u00fastria Angola Turquia, S\u00e9rgio Concei\u00e7\u00e3o, recebeu na manh\u00e3 desta ter\u00e7a-feira, 06\/02\/2024, uma equipa pertencente ao Programa das Na\u00e7\u00f5es Unidas para o Desenvolvimento (PNUD) em Angola, chefiada pelo Economista (Ph.D.) Lorenzo Mancini, coadjuvado pelo Dr. David S\u00e1nchez, Especialista para o sector privado.<\/p>\n\n\n\n<p>Juntou-se tamb\u00e9m nesta reuni\u00e3o, o Vice-presidente da CCIAT, para \u00c1rea de Organiza\u00e7\u00e3o, Marketing, Informa\u00e7\u00e3o e Tecnologia,Dr. \u00d3scar Garcia.<\/p>\n\n\n\n<p>Na ocasi\u00e3o, o Presidente da C\u00e2mara S\u00e9rgio Concei\u00e7\u00e3o, desejou boas vindas a delega\u00e7\u00e3o aos visitantes e fez uma introdu\u00e7\u00e3o da C\u00e2mara e os seus grandes desafios.<\/p>\n\n\n\n<p>Em seguida , o especialista do PNUD, parabenizou o Presidente da C\u00e2mara de Com\u00e9rcio, S\u00e9rgio Concei\u00e7\u00e3o pelo trabalho que tem desenvolvido a frente da lideran\u00e7a da C\u00e2mara. Dando sequ\u00eancia, falou que o PNUD est\u00e1 elaborando um instrumento (SDG), pelo que espera que a C\u00e2mara participa, partilhando diversas vis\u00f5es em rela\u00e7\u00e3o as oportunidades de investimentos alinhados aos Objetivos do Desenvolvimento Sustent\u00e1vel (ODS).<\/p>\n\n\n\n<p>Por outro lado, S\u00e9rgio Concei\u00e7\u00e3o, agradeceu e salientou que a C\u00e2mara trabalhar\u00e1 com os seus associados no sentido de contribuir cabalmente, olhando para especificidade dos diversos sectores.<\/p>\n\n\n\n<figure class=\"wp-block-gallery has-nested-images columns-default is-cropped wp-block-gallery-1 is-layout-flex wp-block-gallery-is-layout-flex\">\n<figure class=\"wp-block-image size-large\"><img loading=\"lazy\" decoding=\"async\" width=\"768\" height=\"1024\" data-id=\"15956\" src=\"http:\/\/tvbelas.com\/tvbelas\/wp-content\/uploads\/2024\/02\/WhatsApp-Image-2024-02-06-at-20.42.55-1-768x1024.jpeg\" alt=\"\" class=\"wp-image-15956\" srcset=\"https:\/\/tvbelas.com\/tvbelas\/wp-content\/uploads\/2024\/02\/WhatsApp-Image-2024-02-06-at-20.42.55-1-768x1024.jpeg 768w, https:\/\/tvbelas.com\/tvbelas\/wp-content\/uploads\/2024\/02\/WhatsApp-Image-2024-02-06-at-20.42.55-1-225x300.jpeg 225w, https:\/\/tvbelas.com\/tvbelas\/wp-content\/uploads\/2024\/02\/WhatsApp-Image-2024-02-06-at-20.42.55-1-150x200.jpeg 150w, https:\/\/tvbelas.com\/tvbelas\/wp-content\/uploads\/2024\/02\/WhatsApp-Image-2024-02-06-at-20.42.55-1-300x400.jpeg 300w, https:\/\/tvbelas.com\/tvbelas\/wp-content\/uploads\/2024\/02\/WhatsApp-Image-2024-02-06-at-20.42.55-1-696x928.jpeg 696w, https:\/\/tvbelas.com\/tvbelas\/wp-content\/uploads\/2024\/02\/WhatsApp-Image-2024-02-06-at-20.42.55-1-315x420.jpeg 315w, https:\/\/tvbelas.com\/tvbelas\/wp-content\/uploads\/2024\/02\/WhatsApp-Image-2024-02-06-at-20.42.55-1.jpeg 960w\" sizes=\"auto, (max-width: 768px) 100vw, 768px\" \/><\/figure>\n\n\n\n<figure class=\"wp-block-image size-large\"><img loading=\"lazy\" decoding=\"async\" width=\"768\" height=\"1024\" data-id=\"15957\" src=\"http:\/\/tvbelas.com\/tvbelas\/wp-content\/uploads\/2024\/02\/WhatsApp-Image-2024-02-06-at-20.42.57-1-768x1024.jpeg\" alt=\"\" class=\"wp-image-15957\" srcset=\"https:\/\/tvbelas.com\/tvbelas\/wp-content\/uploads\/2024\/02\/WhatsApp-Image-2024-02-06-at-20.42.57-1-768x1024.jpeg 768w, https:\/\/tvbelas.com\/tvbelas\/wp-content\/uploads\/2024\/02\/WhatsApp-Image-2024-02-06-at-20.42.57-1-225x300.jpeg 225w, https:\/\/tvbelas.com\/tvbelas\/wp-content\/uploads\/2024\/02\/WhatsApp-Image-2024-02-06-at-20.42.57-1-150x200.jpeg 150w, https:\/\/tvbelas.com\/tvbelas\/wp-content\/uploads\/2024\/02\/WhatsApp-Image-2024-02-06-at-20.42.57-1-300x400.jpeg 300w, https:\/\/tvbelas.com\/tvbelas\/wp-content\/uploads\/2024\/02\/WhatsApp-Image-2024-02-06-at-20.42.57-1-696x928.jpeg 696w, https:\/\/tvbelas.com\/tvbelas\/wp-content\/uploads\/2024\/02\/WhatsApp-Image-2024-02-06-at-20.42.57-1-315x420.jpeg 315w, https:\/\/tvbelas.com\/tvbelas\/wp-content\/uploads\/2024\/02\/WhatsApp-Image-2024-02-06-at-20.42.57-1.jpeg 960w\" sizes=\"auto, (max-width: 768px) 100vw, 768px\" \/><\/figure>\n\n\n\n<figure class=\"wp-block-image size-large\"><img loading=\"lazy\" decoding=\"async\" width=\"768\" height=\"1024\" data-id=\"15954\" src=\"http:\/\/tvbelas.com\/tvbelas\/wp-content\/uploads\/2024\/02\/WhatsApp-Image-2024-02-06-at-20.42.57-768x1024.jpeg\" alt=\"\" class=\"wp-image-15954\" srcset=\"https:\/\/tvbelas.com\/tvbelas\/wp-content\/uploads\/2024\/02\/WhatsApp-Image-2024-02-06-at-20.42.57-768x1024.jpeg 768w, https:\/\/tvbelas.com\/tvbelas\/wp-content\/uploads\/2024\/02\/WhatsApp-Image-2024-02-06-at-20.42.57-225x300.jpeg 225w, https:\/\/tvbelas.com\/tvbelas\/wp-content\/uploads\/2024\/02\/WhatsApp-Image-2024-02-06-at-20.42.57-150x200.jpeg 150w, https:\/\/tvbelas.com\/tvbelas\/wp-content\/uploads\/2024\/02\/WhatsApp-Image-2024-02-06-at-20.42.57-300x400.jpeg 300w, https:\/\/tvbelas.com\/tvbelas\/wp-content\/uploads\/2024\/02\/WhatsApp-Image-2024-02-06-at-20.42.57-696x928.jpeg 696w, https:\/\/tvbelas.com\/tvbelas\/wp-content\/uploads\/2024\/02\/WhatsApp-Image-2024-02-06-at-20.42.57-315x420.jpeg 315w, https:\/\/tvbelas.com\/tvbelas\/wp-content\/uploads\/2024\/02\/WhatsApp-Image-2024-02-06-at-20.42.57.jpeg 960w\" sizes=\"auto, (max-width: 768px) 100vw, 768px\" \/><\/figure>\n\n\n\n<figure class=\"wp-block-image size-large\"><img loading=\"lazy\" decoding=\"async\" width=\"768\" height=\"1024\" data-id=\"15958\" src=\"http:\/\/tvbelas.com\/tvbelas\/wp-content\/uploads\/2024\/02\/WhatsApp-Image-2024-02-06-at-20.42.56-1-768x1024.jpeg\" alt=\"\" class=\"wp-image-15958\" srcset=\"https:\/\/tvbelas.com\/tvbelas\/wp-content\/uploads\/2024\/02\/WhatsApp-Image-2024-02-06-at-20.42.56-1-768x1024.jpeg 768w, https:\/\/tvbelas.com\/tvbelas\/wp-content\/uploads\/2024\/02\/WhatsApp-Image-2024-02-06-at-20.42.56-1-225x300.jpeg 225w, https:\/\/tvbelas.com\/tvbelas\/wp-content\/uploads\/2024\/02\/WhatsApp-Image-2024-02-06-at-20.42.56-1-150x200.jpeg 150w, https:\/\/tvbelas.com\/tvbelas\/wp-content\/uploads\/2024\/02\/WhatsApp-Image-2024-02-06-at-20.42.56-1-300x400.jpeg 300w, https:\/\/tvbelas.com\/tvbelas\/wp-content\/uploads\/2024\/02\/WhatsApp-Image-2024-02-06-at-20.42.56-1-696x928.jpeg 696w, https:\/\/tvbelas.com\/tvbelas\/wp-content\/uploads\/2024\/02\/WhatsApp-Image-2024-02-06-at-20.42.56-1-315x420.jpeg 315w, https:\/\/tvbelas.com\/tvbelas\/wp-content\/uploads\/2024\/02\/WhatsApp-Image-2024-02-06-at-20.42.56-1.jpeg 960w\" sizes=\"auto, (max-width: 768px) 100vw, 768px\" \/><\/figure>\n\n\n\n<figure class=\"wp-block-image size-large\"><img loading=\"lazy\" decoding=\"async\" width=\"1024\" height=\"674\" data-id=\"15959\" src=\"http:\/\/tvbelas.com\/tvbelas\/wp-content\/uploads\/2024\/02\/WhatsApp-Image-2024-02-06-at-20.42.56-1024x674.jpeg\" alt=\"\" class=\"wp-image-15959\" srcset=\"https:\/\/tvbelas.com\/tvbelas\/wp-content\/uploads\/2024\/02\/WhatsApp-Image-2024-02-06-at-20.42.56-1024x674.jpeg 1024w, https:\/\/tvbelas.com\/tvbelas\/wp-content\/uploads\/2024\/02\/WhatsApp-Image-2024-02-06-at-20.42.56-300x197.jpeg 300w, https:\/\/tvbelas.com\/tvbelas\/wp-content\/uploads\/2024\/02\/WhatsApp-Image-2024-02-06-at-20.42.56-768x505.jpeg 768w, https:\/\/tvbelas.com\/tvbelas\/wp-content\/uploads\/2024\/02\/WhatsApp-Image-2024-02-06-at-20.42.56-150x99.jpeg 150w, https:\/\/tvbelas.com\/tvbelas\/wp-content\/uploads\/2024\/02\/WhatsApp-Image-2024-02-06-at-20.42.56-696x458.jpeg 696w, https:\/\/tvbelas.com\/tvbelas\/wp-content\/uploads\/2024\/02\/WhatsApp-Image-2024-02-06-at-20.42.56-1068x703.jpeg 1068w, https:\/\/tvbelas.com\/tvbelas\/wp-content\/uploads\/2024\/02\/WhatsApp-Image-2024-02-06-at-20.42.56-638x420.jpeg 638w, https:\/\/tvbelas.com\/tvbelas\/wp-content\/uploads\/2024\/02\/WhatsApp-Image-2024-02-06-at-20.42.56.jpeg 1280w\" sizes=\"auto, (max-width: 1024px) 100vw, 1024px\" \/><\/figure>\n\n\n\n<figure class=\"wp-block-image size-large\"><img loading=\"lazy\" decoding=\"async\" width=\"1024\" height=\"658\" data-id=\"15955\" src=\"http:\/\/tvbelas.com\/tvbelas\/wp-content\/uploads\/2024\/02\/WhatsApp-Image-2024-02-06-at-20.42.55-1024x658.jpeg\" alt=\"\" class=\"wp-image-15955\" srcset=\"https:\/\/tvbelas.com\/tvbelas\/wp-content\/uploads\/2024\/02\/WhatsApp-Image-2024-02-06-at-20.42.55-1024x658.jpeg 1024w, https:\/\/tvbelas.com\/tvbelas\/wp-content\/uploads\/2024\/02\/WhatsApp-Image-2024-02-06-at-20.42.55-300x193.jpeg 300w, https:\/\/tvbelas.com\/tvbelas\/wp-content\/uploads\/2024\/02\/WhatsApp-Image-2024-02-06-at-20.42.55-768x493.jpeg 768w, https:\/\/tvbelas.com\/tvbelas\/wp-content\/uploads\/2024\/02\/WhatsApp-Image-2024-02-06-at-20.42.55-150x96.jpeg 150w, https:\/\/tvbelas.com\/tvbelas\/wp-content\/uploads\/2024\/02\/WhatsApp-Image-2024-02-06-at-20.42.55-696x447.jpeg 696w, https:\/\/tvbelas.com\/tvbelas\/wp-content\/uploads\/2024\/02\/WhatsApp-Image-2024-02-06-at-20.42.55-1068x686.jpeg 1068w, https:\/\/tvbelas.com\/tvbelas\/wp-content\/uploads\/2024\/02\/WhatsApp-Image-2024-02-06-at-20.42.55-654x420.jpeg 654w, https:\/\/tvbelas.com\/tvbelas\/wp-content\/uploads\/2024\/02\/WhatsApp-Image-2024-02-06-at-20.42.55.jpeg 1280w\" sizes=\"auto, (max-width: 1024px) 100vw, 1024px\" \/><\/figure>\n<\/figure>\n","protected":false},"excerpt":{"rendered":"<p>O Presidente da C\u00e2mara de Com\u00e9rcio e Ind\u00fastria Angola Turquia, S\u00e9rgio Concei\u00e7\u00e3o, recebeu na manh\u00e3 desta ter\u00e7a-feira, 06\/02\/2024, uma equipa pertencente ao Programa das Na\u00e7\u00f5es Unidas para o Desenvolvimento (PNUD) em Angola, chefiada pelo Economista (Ph.D.) Lorenzo Mancini, coadjuvado pelo Dr. David S\u00e1nchez, Especialista para o sector privado. Juntou-se tamb\u00e9m nesta reuni\u00e3o, o Vice-presidente da [&hellip;]<\/p>\n","protected":false},"author":1,"featured_media":15955,"comment_status":"open","ping_status":"closed","sticky":false,"template":"","format":"standard","meta":{"footnotes":""},"categories":[12],"tags":[],"class_list":{"0":"post-15953","1":"post","2":"type-post","3":"status-publish","4":"format-standard","5":"has-post-thumbnail","7":"category-politica-angola"},"amp_enabled":true,"_links":{"self":[{"href":"https:\/\/tvbelas.com\/tvbelas\/wp-json\/wp\/v2\/posts\/15953","targetHints":{"allow":["GET"]}}],"collection":[{"href":"https:\/\/tvbelas.com\/tvbelas\/wp-json\/wp\/v2\/posts"}],"about":[{"href":"https:\/\/tvbelas.com\/tvbelas\/wp-json\/wp\/v2\/types\/post"}],"author":[{"embeddable":true,"href":"https:\/\/tvbelas.com\/tvbelas\/wp-json\/wp\/v2\/users\/1"}],"replies":[{"embeddable":true,"href":"https:\/\/tvbelas.com\/tvbelas\/wp-json\/wp\/v2\/comments?post=15953"}],"version-history":[{"count":1,"href":"https:\/\/tvbelas.com\/tvbelas\/wp-json\/wp\/v2\/posts\/15953\/revisions"}],"predecessor-version":[{"id":15960,"href":"https:\/\/tvbelas.com\/tvbelas\/wp-json\/wp\/v2\/posts\/15953\/revisions\/15960"}],"wp:featuredmedia":[{"embeddable":true,"href":"https:\/\/tvbelas.com\/tvbelas\/wp-json\/wp\/v2\/media\/15955"}],"wp:attachment":[{"href":"https:\/\/tvbelas.com\/tvbelas\/wp-json\/wp\/v2\/media?parent=15953"}],"wp:term":[{"taxonomy":"category","embeddable":true,"href":"https:\/\/tvbelas.com\/tvbelas\/wp-json\/wp\/v2\/categories?post=15953"},{"taxonomy":"post_tag","embeddable":true,"href":"https:\/\/tvbelas.com\/tvbelas\/wp-json\/wp\/v2\/tags?post=15953"}],"curies":[{"name":"wp","href":"https:\/\/api.w.org\/{rel}","templated":true}]}}