{"id":15962,"date":"2024-02-10T22:33:32","date_gmt":"2024-02-10T21:33:32","guid":{"rendered":"http:\/\/tvbelas.com\/tvbelas\/?p=15962"},"modified":"2024-02-10T22:35:14","modified_gmt":"2024-02-10T21:35:14","slug":"conferencistas-enaltecem-iniciativa-da-media-claque-em-busca-de-um-sector-de-marketing-mais-actuante","status":"publish","type":"post","link":"https:\/\/tvbelas.com\/tvbelas\/noticias\/economia-angola\/conferencistas-enaltecem-iniciativa-da-media-claque-em-busca-de-um-sector-de-marketing-mais-actuante\/","title":{"rendered":"CONFERENCISTAS ENALTECEM INICIATIVA DA MEDIA CLAQUE EM BUSCA DE UM SECTOR DE MARKETING MAIS ACTUANTE"},"content":{"rendered":"\n<p>A marketiza surpreendeu pela positiva reunindo no anfiteatro da Ucan, universidade cat\u00f3lica de Angola, um n\u00famero Record de profissionais de comunica\u00e7\u00e3o e marketing para discutir tend\u00eancias do sector para este ano de 2024.<br>Com um painel recheado de especialistas com nome feito no mercado angolano. O debate foi aberto e concorrido, sendo que foram recolhidas v\u00e1rias opini\u00f5es que v\u00e3o e em grande medida impulsionar o sector de marketing no pa\u00eds.<br>Na explana\u00e7\u00e3o para a comunica\u00e7\u00e3o social presente na confer\u00eancia, Leonarda Miguel assistente de comunica\u00e7\u00e3o da ADRA foi clara em admitir que ja \u00e9 tempo de se criar balizas e unir sinergias no sentido de mostrar a nossa realidade s\u00f3cio econ\u00f3mica sem ter a necessidade de recorrer a experi\u00eancia doutras latitudes.<br>No mesmo pensamento corrobora o especialista de marketing Jo\u00e3o Ndala que espera ver replicadas ac\u00e7\u00f5es de concerta\u00e7\u00e3o e forma\u00e7\u00e3o continuada para os fazedores de comunica\u00e7\u00e3o e marketing.<br>Entres especialistas, p\u00fablico e gente interessada na arte e da comunica\u00e7\u00e3o e marketing, debateram em confer\u00eancia as tend\u00eancias do sector para 2024 numa actividade que serviu ja de bal\u00e3o de ensaio para o mega evento marketiza 2024 marcado para 25 de maio aqui em Luanda e que vai contar com mais de 500 profissionais, provenientes do brasil, Portugal, Espanha, Mo\u00e7ambique, Estados unidos da America e Z\u00e2mbia, bem como estudantes de comunica\u00e7\u00e3o em busca de solu\u00e7\u00f5es que ajudem a melhorar os indicadores do sector.<\/p>\n","protected":false},"excerpt":{"rendered":"<p>A marketiza surpreendeu pela positiva reunindo no anfiteatro da Ucan, universidade cat\u00f3lica de Angola, um n\u00famero Record de profissionais de comunica\u00e7\u00e3o e marketing para discutir tend\u00eancias do sector para este ano de 2024.Com um painel recheado de especialistas com nome feito no mercado angolano. O debate foi aberto e concorrido, sendo que foram recolhidas v\u00e1rias [&hellip;]<\/p>\n","protected":false},"author":1,"featured_media":15963,"comment_status":"open","ping_status":"closed","sticky":false,"template":"","format":"standard","meta":{"footnotes":""},"categories":[20],"tags":[],"class_list":{"0":"post-15962","1":"post","2":"type-post","3":"status-publish","4":"format-standard","5":"has-post-thumbnail","7":"category-economia-angola"},"amp_enabled":true,"_links":{"self":[{"href":"https:\/\/tvbelas.com\/tvbelas\/wp-json\/wp\/v2\/posts\/15962","targetHints":{"allow":["GET"]}}],"collection":[{"href":"https:\/\/tvbelas.com\/tvbelas\/wp-json\/wp\/v2\/posts"}],"about":[{"href":"https:\/\/tvbelas.com\/tvbelas\/wp-json\/wp\/v2\/types\/post"}],"author":[{"embeddable":true,"href":"https:\/\/tvbelas.com\/tvbelas\/wp-json\/wp\/v2\/users\/1"}],"replies":[{"embeddable":true,"href":"https:\/\/tvbelas.com\/tvbelas\/wp-json\/wp\/v2\/comments?post=15962"}],"version-history":[{"count":3,"href":"https:\/\/tvbelas.com\/tvbelas\/wp-json\/wp\/v2\/posts\/15962\/revisions"}],"predecessor-version":[{"id":15967,"href":"https:\/\/tvbelas.com\/tvbelas\/wp-json\/wp\/v2\/posts\/15962\/revisions\/15967"}],"wp:featuredmedia":[{"embeddable":true,"href":"https:\/\/tvbelas.com\/tvbelas\/wp-json\/wp\/v2\/media\/15963"}],"wp:attachment":[{"href":"https:\/\/tvbelas.com\/tvbelas\/wp-json\/wp\/v2\/media?parent=15962"}],"wp:term":[{"taxonomy":"category","embeddable":true,"href":"https:\/\/tvbelas.com\/tvbelas\/wp-json\/wp\/v2\/categories?post=15962"},{"taxonomy":"post_tag","embeddable":true,"href":"https:\/\/tvbelas.com\/tvbelas\/wp-json\/wp\/v2\/tags?post=15962"}],"curies":[{"name":"wp","href":"https:\/\/api.w.org\/{rel}","templated":true}]}}