{"id":15998,"date":"2024-02-21T20:17:40","date_gmt":"2024-02-21T19:17:40","guid":{"rendered":"http:\/\/tvbelas.com\/tvbelas\/?p=15998"},"modified":"2024-02-21T20:17:44","modified_gmt":"2024-02-21T19:17:44","slug":"novo-ministro-da-juventude-e-desportos-tem-primeiro-frente-a-frente-com-federacoes-desportivas","status":"publish","type":"post","link":"https:\/\/tvbelas.com\/tvbelas\/noticias\/politica-angola\/novo-ministro-da-juventude-e-desportos-tem-primeiro-frente-a-frente-com-federacoes-desportivas\/","title":{"rendered":"NOVO MINISTRO DA JUVENTUDE E DESPORTOS TEM PRIMEIRO FRENTE A FRENTE COM FEDERA\u00c7\u00d5ES DESPORTIVAS"},"content":{"rendered":"\n<p>Segundo uma nota de Imprensa do gabinete de Tecnologias de Informa\u00e7\u00e3o e comunica\u00e7\u00e3o institucional do MINJUD, Minist\u00e9rio da Juventude e Desportos,:<\/p>\n\n\n\n<p>O Ministro da Juventude e Desportos, Dr Rui Falc\u00e3o, re\u00fane-se esta quinta-Feira, \u00e0s 14 horas com as Federa\u00e7\u00f5es desportivas nacionais com objectivo de inteirar-se do estado actual de cada organiza\u00e7\u00e3o .<\/p>\n\n\n\n<p>O referido encontro de ausculta\u00e7\u00e3o, ter\u00e1 lugar na Galeria dos Desportos Nacional.<\/p>\n\n\n\n<p>De referir que tal encontro vai ocorrer sete dias depois da exonera\u00e7\u00e3o da anterior Ministra Palmira Barbosa que no dia da sua exonera\u00e7\u00e3o indicou a Secret\u00e1ria Geral do MINJUD a fazer uma declara\u00e7\u00e3o p\u00fablica em que revelava terem sido feitas a entrega de valores para o CAN 2023, quando a Federa\u00e7\u00e3o angolana de Futebol nega.<\/p>\n\n\n\n<p>Outro caso, tem a haver com o facto da Federa\u00e7\u00e3o angolana de basquetebol (FAB) ter emitido um comunicado em que informa da aus\u00eancia do selecionador nacional, o Espanhol Pepe Cl\u00e1ros na primeira janela de apuramento ao pr\u00f3ximo Afrabssket que decorre na Tun\u00edsia por alegada raz\u00e3o de sa\u00fade do Pai do treinador Espanhol.<\/p>\n\n\n\n<p>Outra quest\u00e3o p\u00fablica manifestada pela Federa\u00e7\u00f5es Desportivas Nacionais e o Comit\u00e9 Ol\u00edmpico Nacional est\u00e1 relacionada a atribui\u00e7\u00e3o de verbas para os Jogos Africanos que em Mar\u00e7o ter\u00e1 lugar no Ghana, para os Jogos Ol\u00edmpicos de Paris em Junho deste ano entre outras competi\u00e7\u00f5es.<\/p>\n\n\n\n<p>Finalmente, 2024 \u00e9 ano de renova\u00e7\u00e3o de mandatos, que at\u00e9 a\u00ed primeiro trimestre dever\u00e3o ter lugar n\u00f3s Clubes, at\u00e9 ao primeiro semestre nas Federa\u00e7\u00f5es Desportivas que n\u00e3o estiverem qualificadas para os jogos Ol\u00edmpicos e at\u00e9 ao final do ano naquelas Federa\u00e7\u00f5es que competirem n\u00f3s Jogos Ol\u00edmpicos de Paris, encerrando o ciclo com o Comit\u00e9 Ol\u00edmpico Nacional ( COA).<\/p>\n","protected":false},"excerpt":{"rendered":"<p>Segundo uma nota de Imprensa do gabinete de Tecnologias de Informa\u00e7\u00e3o e comunica\u00e7\u00e3o institucional do MINJUD, Minist\u00e9rio da Juventude e Desportos,: O Ministro da Juventude e Desportos, Dr Rui Falc\u00e3o, re\u00fane-se esta quinta-Feira, \u00e0s 14 horas com as Federa\u00e7\u00f5es desportivas nacionais com objectivo de inteirar-se do estado actual de cada organiza\u00e7\u00e3o . O referido encontro [&hellip;]<\/p>\n","protected":false},"author":1,"featured_media":15999,"comment_status":"open","ping_status":"closed","sticky":false,"template":"","format":"standard","meta":{"footnotes":""},"categories":[12],"tags":[],"class_list":{"0":"post-15998","1":"post","2":"type-post","3":"status-publish","4":"format-standard","5":"has-post-thumbnail","7":"category-politica-angola"},"amp_enabled":true,"_links":{"self":[{"href":"https:\/\/tvbelas.com\/tvbelas\/wp-json\/wp\/v2\/posts\/15998","targetHints":{"allow":["GET"]}}],"collection":[{"href":"https:\/\/tvbelas.com\/tvbelas\/wp-json\/wp\/v2\/posts"}],"about":[{"href":"https:\/\/tvbelas.com\/tvbelas\/wp-json\/wp\/v2\/types\/post"}],"author":[{"embeddable":true,"href":"https:\/\/tvbelas.com\/tvbelas\/wp-json\/wp\/v2\/users\/1"}],"replies":[{"embeddable":true,"href":"https:\/\/tvbelas.com\/tvbelas\/wp-json\/wp\/v2\/comments?post=15998"}],"version-history":[{"count":1,"href":"https:\/\/tvbelas.com\/tvbelas\/wp-json\/wp\/v2\/posts\/15998\/revisions"}],"predecessor-version":[{"id":16000,"href":"https:\/\/tvbelas.com\/tvbelas\/wp-json\/wp\/v2\/posts\/15998\/revisions\/16000"}],"wp:featuredmedia":[{"embeddable":true,"href":"https:\/\/tvbelas.com\/tvbelas\/wp-json\/wp\/v2\/media\/15999"}],"wp:attachment":[{"href":"https:\/\/tvbelas.com\/tvbelas\/wp-json\/wp\/v2\/media?parent=15998"}],"wp:term":[{"taxonomy":"category","embeddable":true,"href":"https:\/\/tvbelas.com\/tvbelas\/wp-json\/wp\/v2\/categories?post=15998"},{"taxonomy":"post_tag","embeddable":true,"href":"https:\/\/tvbelas.com\/tvbelas\/wp-json\/wp\/v2\/tags?post=15998"}],"curies":[{"name":"wp","href":"https:\/\/api.w.org\/{rel}","templated":true}]}}