{"id":16199,"date":"2024-03-19T22:08:09","date_gmt":"2024-03-19T21:08:09","guid":{"rendered":"http:\/\/tvbelas.com\/tvbelas\/?p=16199"},"modified":"2024-03-19T22:08:13","modified_gmt":"2024-03-19T21:08:13","slug":"tv-belas-seleciona-os-videos-que-responderam-minimamente-os-requisitos-para-o-casting","status":"publish","type":"post","link":"https:\/\/tvbelas.com\/tvbelas\/noticias\/sociedade\/tv-belas-seleciona-os-videos-que-responderam-minimamente-os-requisitos-para-o-casting\/","title":{"rendered":"TV BELAS SELECIONA OS VIDEOS QUE RESPONDERAM MINIMAMENTE OS REQUISITOS PARA O CASTING"},"content":{"rendered":"\n<p>Caros seguidores e telespectadores da TV Belas.<\/p>\n\n\n\n<p>Atrav\u00e9s desta nota a administra\u00e7\u00e3o e coordena\u00e7\u00e3o da nossa emissora deseja agradecer a todos que tiveram a amabilidade de responder a solicita\u00e7\u00e3o para o Casting que visa recrutar apresentadores, narradores e Comentadores para a \u00e1rea desportiva.<\/p>\n\n\n\n<p>Terminado o prazo estabelecido, o dia 18 de Mar\u00e7o, somos a informar que chegaram a nossa base de dados cerca de 800 v\u00eddeos, dos quais s\u00f3 119 seguiram o padr\u00e3o m\u00ednimo exigido, no que respeita ao tempo, qualidade do v\u00eddeo e \u00e1udio , assim como cen\u00e1rio, express\u00e3o facial e verbal.<\/p>\n\n\n\n<p>Neste momento um j\u00fari independente est\u00e1 a analisar os 119 v\u00eddeos apurados para que sejam selecionados os que transitar\u00e3o para a pr\u00f3xima etapa e frequentarem um per\u00edodo de est\u00e1gio.<\/p>\n\n\n\n<p>Por outro lado a \u00e1rea de conte\u00fados est\u00e1 a avaliar a possibilidade de produzir com os v\u00eddeos selecionados micro programas para que os nossos seguidores e telespectadores conhe\u00e7am os futuros potenciais narradores, Comentadores, rep\u00f3rteres ou apresentadores da TV Belas.<\/p>\n\n\n\n<p>Juntos Criamos a nossa Hist\u00f3ria.<\/p>\n","protected":false},"excerpt":{"rendered":"<p>Caros seguidores e telespectadores da TV Belas. Atrav\u00e9s desta nota a administra\u00e7\u00e3o e coordena\u00e7\u00e3o da nossa emissora deseja agradecer a todos que tiveram a amabilidade de responder a solicita\u00e7\u00e3o para o Casting que visa recrutar apresentadores, narradores e Comentadores para a \u00e1rea desportiva. Terminado o prazo estabelecido, o dia 18 de Mar\u00e7o, somos a informar [&hellip;]<\/p>\n","protected":false},"author":1,"featured_media":16200,"comment_status":"open","ping_status":"closed","sticky":false,"template":"","format":"standard","meta":{"footnotes":""},"categories":[15],"tags":[],"class_list":{"0":"post-16199","1":"post","2":"type-post","3":"status-publish","4":"format-standard","5":"has-post-thumbnail","7":"category-sociedade"},"amp_enabled":true,"_links":{"self":[{"href":"https:\/\/tvbelas.com\/tvbelas\/wp-json\/wp\/v2\/posts\/16199","targetHints":{"allow":["GET"]}}],"collection":[{"href":"https:\/\/tvbelas.com\/tvbelas\/wp-json\/wp\/v2\/posts"}],"about":[{"href":"https:\/\/tvbelas.com\/tvbelas\/wp-json\/wp\/v2\/types\/post"}],"author":[{"embeddable":true,"href":"https:\/\/tvbelas.com\/tvbelas\/wp-json\/wp\/v2\/users\/1"}],"replies":[{"embeddable":true,"href":"https:\/\/tvbelas.com\/tvbelas\/wp-json\/wp\/v2\/comments?post=16199"}],"version-history":[{"count":1,"href":"https:\/\/tvbelas.com\/tvbelas\/wp-json\/wp\/v2\/posts\/16199\/revisions"}],"predecessor-version":[{"id":16201,"href":"https:\/\/tvbelas.com\/tvbelas\/wp-json\/wp\/v2\/posts\/16199\/revisions\/16201"}],"wp:featuredmedia":[{"embeddable":true,"href":"https:\/\/tvbelas.com\/tvbelas\/wp-json\/wp\/v2\/media\/16200"}],"wp:attachment":[{"href":"https:\/\/tvbelas.com\/tvbelas\/wp-json\/wp\/v2\/media?parent=16199"}],"wp:term":[{"taxonomy":"category","embeddable":true,"href":"https:\/\/tvbelas.com\/tvbelas\/wp-json\/wp\/v2\/categories?post=16199"},{"taxonomy":"post_tag","embeddable":true,"href":"https:\/\/tvbelas.com\/tvbelas\/wp-json\/wp\/v2\/tags?post=16199"}],"curies":[{"name":"wp","href":"https:\/\/api.w.org\/{rel}","templated":true}]}}