{"id":16236,"date":"2024-03-30T18:37:32","date_gmt":"2024-03-30T17:37:32","guid":{"rendered":"http:\/\/tvbelas.com\/tvbelas\/?p=16236"},"modified":"2024-03-30T19:09:52","modified_gmt":"2024-03-30T18:09:52","slug":"o-general-gouveia-de-sa-miranda-e-o-novo-e-nono-presidente-do-1-de-agosto-em-47-anos-de-historia-do-clube","status":"publish","type":"post","link":"https:\/\/tvbelas.com\/tvbelas\/noticias\/desporto\/o-general-gouveia-de-sa-miranda-e-o-novo-e-nono-presidente-do-1-de-agosto-em-47-anos-de-historia-do-clube\/","title":{"rendered":"O GENERAL GOUVEIA DE S\u00c1 MIRANDA \u00c9 O NOVO E NONO PRESIDENTE DO 1\u00b0 DE AGOSTO EM 47 ANOS DE HIST\u00d3RIA DO CLUBE"},"content":{"rendered":"\n<p>Ap\u00f3s o acto eleitoral deste s\u00e1bado 30 de Mar\u00e7o a comiss\u00e3o eleitoral declarou vencedora a lista B<\/p>\n\n\n\n<p>O General Gouveia de S\u00e1 Miranda foi declarado vencedor com 2 mil 341votos igual a 85;50% e torna-se no NONO Presidente do clube Desportivo primeiro de Agosto substituindo o general Carlos Hendrick, que presidiu o 1\u00ba de Agosto por 13 anos, entre 2011 e 2024 ou seja em tr\u00eas mandatos<\/p>\n\n\n\n<p>Carlos Hendrick foi o oitavo presidente da colectividade, depois de Santana Andr\u00e9 Pitra\u201dPetroff\u201d (1977-1979), Pedro de Castro Van-D\u00fanem\u201dLoy\u201d, 1979-1982), Henriques Teles Carreira &#8220;Iko\u201d (1982-1988), Justino Fernandes (1988-1993), Mello X\u00e1vier (1993-1999), Pedro Neto (1999-2007) e Raul Hendrick (2007-2011).<\/p>\n\n\n\n<p>Fundado a 1 de Agosto de 1977, o clube movimenta as modalidades de futebol, basquetebol, andebol, entre outras, algumas das quais inativas face a crise financeira, mas que sempre fizeram do 1\u2022 de Agosto o mais ecl\u00e9tico de Angola casos do h\u00f3quei em patins, atletismo, judo, pesca desportiva, vela, taekwondo, t\u00e9nis de campo, xadrez ,nata\u00e7\u00e3o e voleibol esta a alguns anos estinta .<\/p>\n\n\n\n<p>Parab\u00e9ns 1\u00b0 de Agosto pelo acto democr\u00e1tico da sua trajet\u00f3ria e vida Desportiva.<\/p>\n\n\n\n<p>No Pr\u00f3ximo quadri\u00e9nio o General Gouveia de S\u00e1 Miranda vencedor com 2 mil 341 igual 85;50% dos votos vai presidir o clube central da for\u00e7as Aramadas.<\/p>\n\n\n\n<p>A tomada de posse acontece no dia 8 de Abril na sede do clube.<\/p>\n","protected":false},"excerpt":{"rendered":"<p>Ap\u00f3s o acto eleitoral deste s\u00e1bado 30 de Mar\u00e7o a comiss\u00e3o eleitoral declarou vencedora a lista B O General Gouveia de S\u00e1 Miranda foi declarado vencedor com 2 mil 341votos igual a 85;50% e torna-se no NONO Presidente do clube Desportivo primeiro de Agosto substituindo o general Carlos Hendrick, que presidiu o 1\u00ba de Agosto [&hellip;]<\/p>\n","protected":false},"author":1,"featured_media":16237,"comment_status":"open","ping_status":"closed","sticky":false,"template":"","format":"standard","meta":{"footnotes":""},"categories":[19],"tags":[],"class_list":{"0":"post-16236","1":"post","2":"type-post","3":"status-publish","4":"format-standard","5":"has-post-thumbnail","7":"category-desporto"},"amp_enabled":true,"_links":{"self":[{"href":"https:\/\/tvbelas.com\/tvbelas\/wp-json\/wp\/v2\/posts\/16236","targetHints":{"allow":["GET"]}}],"collection":[{"href":"https:\/\/tvbelas.com\/tvbelas\/wp-json\/wp\/v2\/posts"}],"about":[{"href":"https:\/\/tvbelas.com\/tvbelas\/wp-json\/wp\/v2\/types\/post"}],"author":[{"embeddable":true,"href":"https:\/\/tvbelas.com\/tvbelas\/wp-json\/wp\/v2\/users\/1"}],"replies":[{"embeddable":true,"href":"https:\/\/tvbelas.com\/tvbelas\/wp-json\/wp\/v2\/comments?post=16236"}],"version-history":[{"count":2,"href":"https:\/\/tvbelas.com\/tvbelas\/wp-json\/wp\/v2\/posts\/16236\/revisions"}],"predecessor-version":[{"id":16239,"href":"https:\/\/tvbelas.com\/tvbelas\/wp-json\/wp\/v2\/posts\/16236\/revisions\/16239"}],"wp:featuredmedia":[{"embeddable":true,"href":"https:\/\/tvbelas.com\/tvbelas\/wp-json\/wp\/v2\/media\/16237"}],"wp:attachment":[{"href":"https:\/\/tvbelas.com\/tvbelas\/wp-json\/wp\/v2\/media?parent=16236"}],"wp:term":[{"taxonomy":"category","embeddable":true,"href":"https:\/\/tvbelas.com\/tvbelas\/wp-json\/wp\/v2\/categories?post=16236"},{"taxonomy":"post_tag","embeddable":true,"href":"https:\/\/tvbelas.com\/tvbelas\/wp-json\/wp\/v2\/tags?post=16236"}],"curies":[{"name":"wp","href":"https:\/\/api.w.org\/{rel}","templated":true}]}}