{"id":16253,"date":"2024-04-04T17:26:12","date_gmt":"2024-04-04T16:26:12","guid":{"rendered":"http:\/\/tvbelas.com\/tvbelas\/?p=16253"},"modified":"2024-04-04T22:00:05","modified_gmt":"2024-04-04T21:00:05","slug":"mais-uma-coroa-continental-para-a-judoca-patrocinada-pela-tv-belas","status":"publish","type":"post","link":"https:\/\/tvbelas.com\/tvbelas\/noticias\/desporto\/mais-uma-coroa-continental-para-a-judoca-patrocinada-pela-tv-belas\/","title":{"rendered":"MAIS UMA COROA CONTINENTAL PARA A JUDOCA PATROCINADA PELA TV BELAS"},"content":{"rendered":"\n<p>Yola Piedade, atleta patrocinado pela nossa emissora, acaba de se sagrar campe\u00e3 Africana na categoria de 57 Kg em juniores, no Open que decorrer em Luanda, no Pavilh\u00e3o Multiusos do Kilamba entre 4 e 7 do corrente m\u00eas.<\/p>\n\n\n\n<figure class=\"wp-block-image size-large\"><img loading=\"lazy\" decoding=\"async\" width=\"1024\" height=\"639\" src=\"http:\/\/tvbelas.com\/tvbelas\/wp-content\/uploads\/2024\/04\/Captura-de-ecra-2024-04-04-as-17.21.49-1024x639.png\" alt=\"\" class=\"wp-image-16254\" srcset=\"https:\/\/tvbelas.com\/tvbelas\/wp-content\/uploads\/2024\/04\/Captura-de-ecra-2024-04-04-as-17.21.49-1024x639.png 1024w, https:\/\/tvbelas.com\/tvbelas\/wp-content\/uploads\/2024\/04\/Captura-de-ecra-2024-04-04-as-17.21.49-300x187.png 300w, https:\/\/tvbelas.com\/tvbelas\/wp-content\/uploads\/2024\/04\/Captura-de-ecra-2024-04-04-as-17.21.49-768x479.png 768w, https:\/\/tvbelas.com\/tvbelas\/wp-content\/uploads\/2024\/04\/Captura-de-ecra-2024-04-04-as-17.21.49-150x94.png 150w, https:\/\/tvbelas.com\/tvbelas\/wp-content\/uploads\/2024\/04\/Captura-de-ecra-2024-04-04-as-17.21.49-696x434.png 696w, https:\/\/tvbelas.com\/tvbelas\/wp-content\/uploads\/2024\/04\/Captura-de-ecra-2024-04-04-as-17.21.49-1068x666.png 1068w, https:\/\/tvbelas.com\/tvbelas\/wp-content\/uploads\/2024\/04\/Captura-de-ecra-2024-04-04-as-17.21.49-674x420.png 674w, https:\/\/tvbelas.com\/tvbelas\/wp-content\/uploads\/2024\/04\/Captura-de-ecra-2024-04-04-as-17.21.49.png 1222w\" sizes=\"auto, (max-width: 1024px) 100vw, 1024px\" \/><\/figure>\n\n\n\n<p>A campe\u00e3 Africana com idade ainda de Juvenis, venceu quatro combates todos por Ipon e continua a evoluir bem no Ranking Africano.<\/p>\n\n\n\n<p>Ainda sobre o Open, que conta com um total de 181 atletas, dos quais 103 angolanos, nos escal\u00f5es de cadetes, juniores e seniores, em ambos os sexos, em representa\u00e7\u00e3o de v\u00e1rios clubes e n\u00facleos.<\/p>\n\n\n\n<p>\u00c9 uma prova aberta, de qualifica\u00e7\u00e3o aos Jogos Ol\u00edmpicos de Paris 2024, prevista no calend\u00e1rio oficial da Confedera\u00e7\u00e3o Africana e da Federa\u00e7\u00e3o Internacional de Judo.<\/p>\n\n\n\n<figure class=\"wp-block-gallery has-nested-images columns-default is-cropped wp-block-gallery-1 is-layout-flex wp-block-gallery-is-layout-flex\">\n<figure class=\"wp-block-image size-large\"><img loading=\"lazy\" decoding=\"async\" width=\"1024\" height=\"543\" data-id=\"16257\" src=\"http:\/\/tvbelas.com\/tvbelas\/wp-content\/uploads\/2024\/04\/435664445_811427261028077_295846233660937939_n-1024x543.jpg\" alt=\"\" class=\"wp-image-16257\" srcset=\"https:\/\/tvbelas.com\/tvbelas\/wp-content\/uploads\/2024\/04\/435664445_811427261028077_295846233660937939_n-1024x543.jpg 1024w, https:\/\/tvbelas.com\/tvbelas\/wp-content\/uploads\/2024\/04\/435664445_811427261028077_295846233660937939_n-300x159.jpg 300w, https:\/\/tvbelas.com\/tvbelas\/wp-content\/uploads\/2024\/04\/435664445_811427261028077_295846233660937939_n-768x407.jpg 768w, https:\/\/tvbelas.com\/tvbelas\/wp-content\/uploads\/2024\/04\/435664445_811427261028077_295846233660937939_n-1536x814.jpg 1536w, https:\/\/tvbelas.com\/tvbelas\/wp-content\/uploads\/2024\/04\/435664445_811427261028077_295846233660937939_n-150x79.jpg 150w, https:\/\/tvbelas.com\/tvbelas\/wp-content\/uploads\/2024\/04\/435664445_811427261028077_295846233660937939_n-696x369.jpg 696w, https:\/\/tvbelas.com\/tvbelas\/wp-content\/uploads\/2024\/04\/435664445_811427261028077_295846233660937939_n-1068x566.jpg 1068w, https:\/\/tvbelas.com\/tvbelas\/wp-content\/uploads\/2024\/04\/435664445_811427261028077_295846233660937939_n-1920x1017.jpg 1920w, https:\/\/tvbelas.com\/tvbelas\/wp-content\/uploads\/2024\/04\/435664445_811427261028077_295846233660937939_n-793x420.jpg 793w, https:\/\/tvbelas.com\/tvbelas\/wp-content\/uploads\/2024\/04\/435664445_811427261028077_295846233660937939_n.jpg 2048w\" sizes=\"auto, (max-width: 1024px) 100vw, 1024px\" \/><\/figure>\n<\/figure>\n","protected":false},"excerpt":{"rendered":"<p>Yola Piedade, atleta patrocinado pela nossa emissora, acaba de se sagrar campe\u00e3 Africana na categoria de 57 Kg em juniores, no Open que decorrer em Luanda, no Pavilh\u00e3o Multiusos do Kilamba entre 4 e 7 do corrente m\u00eas. A campe\u00e3 Africana com idade ainda de Juvenis, venceu quatro combates todos por Ipon e continua a [&hellip;]<\/p>\n","protected":false},"author":1,"featured_media":16266,"comment_status":"open","ping_status":"closed","sticky":false,"template":"","format":"standard","meta":{"footnotes":""},"categories":[19],"tags":[],"class_list":{"0":"post-16253","1":"post","2":"type-post","3":"status-publish","4":"format-standard","5":"has-post-thumbnail","7":"category-desporto"},"amp_enabled":true,"_links":{"self":[{"href":"https:\/\/tvbelas.com\/tvbelas\/wp-json\/wp\/v2\/posts\/16253","targetHints":{"allow":["GET"]}}],"collection":[{"href":"https:\/\/tvbelas.com\/tvbelas\/wp-json\/wp\/v2\/posts"}],"about":[{"href":"https:\/\/tvbelas.com\/tvbelas\/wp-json\/wp\/v2\/types\/post"}],"author":[{"embeddable":true,"href":"https:\/\/tvbelas.com\/tvbelas\/wp-json\/wp\/v2\/users\/1"}],"replies":[{"embeddable":true,"href":"https:\/\/tvbelas.com\/tvbelas\/wp-json\/wp\/v2\/comments?post=16253"}],"version-history":[{"count":3,"href":"https:\/\/tvbelas.com\/tvbelas\/wp-json\/wp\/v2\/posts\/16253\/revisions"}],"predecessor-version":[{"id":16264,"href":"https:\/\/tvbelas.com\/tvbelas\/wp-json\/wp\/v2\/posts\/16253\/revisions\/16264"}],"wp:featuredmedia":[{"embeddable":true,"href":"https:\/\/tvbelas.com\/tvbelas\/wp-json\/wp\/v2\/media\/16266"}],"wp:attachment":[{"href":"https:\/\/tvbelas.com\/tvbelas\/wp-json\/wp\/v2\/media?parent=16253"}],"wp:term":[{"taxonomy":"category","embeddable":true,"href":"https:\/\/tvbelas.com\/tvbelas\/wp-json\/wp\/v2\/categories?post=16253"},{"taxonomy":"post_tag","embeddable":true,"href":"https:\/\/tvbelas.com\/tvbelas\/wp-json\/wp\/v2\/tags?post=16253"}],"curies":[{"name":"wp","href":"https:\/\/api.w.org\/{rel}","templated":true}]}}