{"id":1635,"date":"2020-08-26T16:59:56","date_gmt":"2020-08-26T15:59:56","guid":{"rendered":"http:\/\/tvbelas.com\/tvbelas\/?p=1635"},"modified":"2020-08-26T16:59:56","modified_gmt":"2020-08-26T15:59:56","slug":"luanda-vendedeiras-ambulantes-insatisfeitas-com-a-actuacao-dos-fiscais","status":"publish","type":"post","link":"https:\/\/tvbelas.com\/tvbelas\/noticias\/sociedade\/luanda-vendedeiras-ambulantes-insatisfeitas-com-a-actuacao-dos-fiscais\/","title":{"rendered":"Luanda Vendedeiras ambulantes insatisfeitas com a actua\u00e7\u00e3o dos fiscais"},"content":{"rendered":"\n<p>As vendedeiras ambulantes no Bairro golf 2 manifestam-se actualmente insatisfeitas com as corridas constantes dos fiscais.Ana Mateus Celestino e Vit\u00f3ria Manuel s\u00e3o vendedeiras ambulantes dizem serem corridas todos os dias at\u00e9 nos dias normais de vendas autorizados pelo decreto presidencial, no seu artigo 5\u00b0 (Medidas de protec\u00e7\u00e3o individual) na al\u00ednea b. e s\u00e3o levadas os seus neg\u00f3cios, os mesmos n\u00e3o s\u00e3o devolvidos. As mesmas pedem \u00e0 administra\u00e7\u00e3o local que fa\u00e7a alguma coisa para resolu\u00e7\u00e3o deste problema.O Director de Fiscaliza\u00e7\u00e3o do Munic\u00edpio do Kilamba Kiaxi N\u00e9lson Santos, lamenta a situa\u00e7\u00e3o e diz que os agentes n\u00e3o est\u00e3o autorizados de irem a rua usar agress\u00e3o ao inv\u00e9s de um trabalho condigno. apelou ainda para as vendedeiras terem uma venda organizada e legal, uma vez que Os mercados do Catorze, Correios e da sapu continuam vazio.<\/p>\n","protected":false},"excerpt":{"rendered":"<p>Luanda Vendedeiras ambulantes insatisfeitas com a actua\u00e7\u00e3o dos fiscais<\/p>\n","protected":false},"author":1,"featured_media":1637,"comment_status":"open","ping_status":"open","sticky":false,"template":"","format":"standard","meta":{"footnotes":""},"categories":[15],"tags":[40,244],"class_list":{"0":"post-1635","1":"post","2":"type-post","3":"status-publish","4":"format-standard","5":"has-post-thumbnail","7":"category-sociedade","8":"tag-ambulantes","9":"tag-vendedeiras"},"amp_enabled":true,"_links":{"self":[{"href":"https:\/\/tvbelas.com\/tvbelas\/wp-json\/wp\/v2\/posts\/1635","targetHints":{"allow":["GET"]}}],"collection":[{"href":"https:\/\/tvbelas.com\/tvbelas\/wp-json\/wp\/v2\/posts"}],"about":[{"href":"https:\/\/tvbelas.com\/tvbelas\/wp-json\/wp\/v2\/types\/post"}],"author":[{"embeddable":true,"href":"https:\/\/tvbelas.com\/tvbelas\/wp-json\/wp\/v2\/users\/1"}],"replies":[{"embeddable":true,"href":"https:\/\/tvbelas.com\/tvbelas\/wp-json\/wp\/v2\/comments?post=1635"}],"version-history":[{"count":0,"href":"https:\/\/tvbelas.com\/tvbelas\/wp-json\/wp\/v2\/posts\/1635\/revisions"}],"wp:featuredmedia":[{"embeddable":true,"href":"https:\/\/tvbelas.com\/tvbelas\/wp-json\/wp\/v2\/media\/1637"}],"wp:attachment":[{"href":"https:\/\/tvbelas.com\/tvbelas\/wp-json\/wp\/v2\/media?parent=1635"}],"wp:term":[{"taxonomy":"category","embeddable":true,"href":"https:\/\/tvbelas.com\/tvbelas\/wp-json\/wp\/v2\/categories?post=1635"},{"taxonomy":"post_tag","embeddable":true,"href":"https:\/\/tvbelas.com\/tvbelas\/wp-json\/wp\/v2\/tags?post=1635"}],"curies":[{"name":"wp","href":"https:\/\/api.w.org\/{rel}","templated":true}]}}