{"id":1643,"date":"2020-08-27T19:08:59","date_gmt":"2020-08-27T18:08:59","guid":{"rendered":"http:\/\/tvbelas.com\/tvbelas\/?p=1643"},"modified":"2020-08-27T19:08:59","modified_gmt":"2020-08-27T18:08:59","slug":"angola-adere-a-iniciativa-internacional-para-reforcar-transparencia-no-uso-das-receitas-do-petroleo-e-outros-minerios","status":"publish","type":"post","link":"https:\/\/tvbelas.com\/tvbelas\/noticias\/angola-adere-a-iniciativa-internacional-para-reforcar-transparencia-no-uso-das-receitas-do-petroleo-e-outros-minerios\/","title":{"rendered":"ANGOLA ADERE A INICIATIVA INTERNACIONAL PARA REFOR\u00c7AR  TRANSPAR\u00caNCIA NO USO DAS RECEITAS DO PETR\u00d3LEO E OUTROS MIN\u00c9RIOS"},"content":{"rendered":"\n<p>O Presidente da Rep\u00fablica, Jo\u00e3o Manuel Gon\u00e7alves Louren\u00e7o, exarou hoje um despacho a nomear Diamantino Pedro Azevedo, Ministro dos Recursos Minerais, Petr\u00f3leo e G\u00e1s, para cumulativamente exercer as fun\u00e7\u00f5es de Presidente do Comit\u00e9 Nacional de Coordena\u00e7\u00e3o da Iniciativa da Transpar\u00eancia para as Ind\u00fastrias Extractivas (ITIE). A Iniciativa de Transpar\u00eancia nas Ind\u00fastrias Extractivas \u00e9 uma plataforma volunt\u00e1ria de promo\u00e7\u00e3o da transpar\u00eancia e gest\u00e3o respons\u00e1vel das receitas provenientes dos sectores extractivos \u2013 mineiro e petrol\u00edfero \u2013 implantada pelos pa\u00edses interessados e pelas empresas que operam nestas ind\u00fastrias. O seu prop\u00f3sito \u00e9 permitir o uso adequado e monitor\u00e1vel dessas receitas para que possam contribuir para a estabilidade econ\u00f3mica e pol\u00edtica dos pa\u00edses com ind\u00fastrias extractivas e, dessa forma, refor\u00e7ar-se o combate \u00e0 corrup\u00e7\u00e3o. A entidade hoje nomeada pelo Chefe de Estado ter\u00e1 a miss\u00e3o de orientar a institucionaliza\u00e7\u00e3o do Comit\u00e9 Nacional de Coordena\u00e7\u00e3o da Iniciativa da Transpar\u00eancia para as Ind\u00fastrias Extractivas, ser o interlocutor na interac\u00e7\u00e3o com os parceiros nacionais envolvidos na plataforma e, por \u00faltimo, nomear o referido Comit\u00e9. O Comit\u00e9 Nacional de Coordena\u00e7\u00e3o da ITIE ser\u00e1 integrado por representantes dos Minist\u00e9rios dos Recursos Minerais, Petr\u00f3leo e G\u00e1s; Rela\u00e7\u00f5es Exteriores; Finan\u00e7as e da Cultura, Turismo e Ambiente. V\u00e3o dele tamb\u00e9m fazer parte representantes de empresas ou outras organiza\u00e7\u00f5es do sector mineiro e organiza\u00e7\u00f5es da Sociedade Civil. Angola decidiu aderir \u00e0 Iniciativa ITIE para conferir o m\u00e1ximo de transpar\u00eancia ao processo de explora\u00e7\u00e3o de recursos minerais e hidrocarbonetos, tendo em vista o seu vasto potencial nesse dom\u00ednio. Por outras palavras, \u00e9 importante que todos tenham conhecimento dos processos da sua explora\u00e7\u00e3o e do processo de gest\u00e3o das correspondentes receitas. Com a exist\u00eancia do Comit\u00e9 Nacional de Coordena\u00e7\u00e3o da Iniciativa de Transpar\u00eancia nas Ind\u00fastrias Extractivas, o pa\u00eds assume, de forma expressa, a vontade pol\u00edtica de refor\u00e7ar os instrumentos nacionais de boa governa\u00e7\u00e3o, que incluem a presta\u00e7\u00e3o de contas aos cidad\u00e3os para que tenham acesso \u00e0 informa\u00e7\u00e3o inerente \u00e0s receitas que prov\u00eam da ind\u00fastria extractiva. Por \u00faltimo, o passo dado por Angola vai no sentido de se melhorar continuamente o ambiente de neg\u00f3cios e o clima de investimento nesses importantes sectores da economia nacional.<\/p>\n","protected":false},"excerpt":{"rendered":"<p>ANGOLA ADERE A INICIATIVA INTERNACIONAL PARA REFOR\u00c7AR  TRANSPAR\u00caNCIA NO USO DAS RECEITAS DO PETR\u00d3LEO E OUTROS MIN\u00c9RIOS<\/p>\n","protected":false},"author":1,"featured_media":1644,"comment_status":"open","ping_status":"open","sticky":false,"template":"","format":"standard","meta":{"footnotes":""},"categories":[10],"tags":[191],"class_list":{"0":"post-1643","1":"post","2":"type-post","3":"status-publish","4":"format-standard","5":"has-post-thumbnail","7":"category-noticias","8":"tag-petroleo"},"amp_enabled":true,"_links":{"self":[{"href":"https:\/\/tvbelas.com\/tvbelas\/wp-json\/wp\/v2\/posts\/1643","targetHints":{"allow":["GET"]}}],"collection":[{"href":"https:\/\/tvbelas.com\/tvbelas\/wp-json\/wp\/v2\/posts"}],"about":[{"href":"https:\/\/tvbelas.com\/tvbelas\/wp-json\/wp\/v2\/types\/post"}],"author":[{"embeddable":true,"href":"https:\/\/tvbelas.com\/tvbelas\/wp-json\/wp\/v2\/users\/1"}],"replies":[{"embeddable":true,"href":"https:\/\/tvbelas.com\/tvbelas\/wp-json\/wp\/v2\/comments?post=1643"}],"version-history":[{"count":0,"href":"https:\/\/tvbelas.com\/tvbelas\/wp-json\/wp\/v2\/posts\/1643\/revisions"}],"wp:featuredmedia":[{"embeddable":true,"href":"https:\/\/tvbelas.com\/tvbelas\/wp-json\/wp\/v2\/media\/1644"}],"wp:attachment":[{"href":"https:\/\/tvbelas.com\/tvbelas\/wp-json\/wp\/v2\/media?parent=1643"}],"wp:term":[{"taxonomy":"category","embeddable":true,"href":"https:\/\/tvbelas.com\/tvbelas\/wp-json\/wp\/v2\/categories?post=1643"},{"taxonomy":"post_tag","embeddable":true,"href":"https:\/\/tvbelas.com\/tvbelas\/wp-json\/wp\/v2\/tags?post=1643"}],"curies":[{"name":"wp","href":"https:\/\/api.w.org\/{rel}","templated":true}]}}