{"id":1649,"date":"2020-08-28T12:23:32","date_gmt":"2020-08-28T11:23:32","guid":{"rendered":"http:\/\/tvbelas.com\/tvbelas\/?p=1649"},"modified":"2020-08-28T12:23:32","modified_gmt":"2020-08-28T11:23:32","slug":"parabens-jose-eduardo-dos-santos-completa-hoje-78-anos-de-vida","status":"publish","type":"post","link":"https:\/\/tvbelas.com\/tvbelas\/noticias\/parabens-jose-eduardo-dos-santos-completa-hoje-78-anos-de-vida\/","title":{"rendered":"Parab\u00e9ns Jos\u00e9 Eduardo Dos Santos Completa hoje 78 anos de vida"},"content":{"rendered":"\n<p>Parab\u00e9ns Jos\u00e9 Eduardo Dos Santos Completa hoje 78 anos de vida o segundo presidente da rep\u00fablica de Angola, Jos\u00e9 Eduardo dos Santos \u201cZ\u00e9 D\u00fa\u201d. Nascido aos 28 de agosto de 1942, filho de Avelino Dos Santos e de Jacinta Jos\u00e9 Paulino. Frequentou a escola premiaria em Luanda, onde fez o ensino Secund\u00e1rio no liceu salvador Correia . E em 1963 foi o primeiro representante do MPLA na capital da Rep\u00fablica do Congo. Em Novembro do mesmo ano, beneficiou de uma bolsa de estudo para o Instituto de Petr\u00f3leo e G\u00e1s de Bak\u00fa, na antiga Uni\u00e3o Sovi\u00e9tica com o nobre fim de estudar Engenharia de Petr\u00f3leos e em Junho de 1969 consegue a licenciatura. Ainda na URSS, Jos\u00e9 Eduardo dos Santos, frequenta o curso militar de Telecomunica\u00e7\u00f5es e por via desta forma\u00e7\u00e3o, ocupa as fun\u00e7\u00f5es nos Servi\u00e7os de Telecomunica\u00e7\u00f5es na 2\u00aa Regi\u00e3o Pol\u00edtico Militar do MPLA, em Cabinda de 1970 a 1974. JES \u00e9 nomeado Ministro das Rela\u00e7\u00f5es Exteriores e durante tr\u00eas Anos, 1977 a 1979, ocupa-se das responsabilidades de Secret\u00e1rio do Comit\u00e9 Central do MPLA. Ap\u00f3s a morte do primeiro presidente angolano Dr. Ant\u00f4nio Agostinho Neto, 20 de Setembro de 1979 aos 37 anos, Z\u00c9 Eduardo, foi eleito unanimemente como presidente do MPLA, assumindo tamb\u00e9m as fun\u00e7\u00f5es de presidente da rep\u00fablica popular de Angola. O ent\u00e3o chamado arquitecto da paz , numa altura em que o pa\u00eds se encontrava em conflito armado, os seus discursos sempre apelaram a inclus\u00e3o social e a esperan\u00e7a num futuro melhor: \u201c\u2026Em 2002, v\u00e1rias dezenas de administradores municipais e comunais n\u00e3o tinham instala\u00e7\u00f5es, estavam a trabalhar em casebres ou tendas, porque as infra-estruturas administrativas estavam destru\u00eddas. Milhares de crian\u00e7as estudavam \u00e0 sombra das \u00e1rvores, sentadas em latas e pedras. Hoje j\u00e1 muito poucas situa\u00e7\u00f5es como estas existem. Ainda existem mas s\u00e3o muito poucas e temos de trabalhar agora para construir mais escolas. Temos que trabalhar juntos para o desenvolvimento. Queremos ver a economia nacional sempre a crescer de modo sustentado e aumentar a riqueza para termos mais para distribuir e melhorar a vida de todos. Ent\u00e3o vamos trabalhar juntos para o desenvolvimento. Todos somos necess\u00e1rios para erguer a nova Angola, moderna, pr\u00f3spera e democr\u00e1tica.\u201d Real\u00e7ar que a governa\u00e7\u00e3o de Jos\u00e9 Eduardo dos Santos durou 38 anos e foi substitu\u00eddo em 2017, pelo actual presidente da rep\u00fablica de Angola, Jo\u00e3o Manuel Gon\u00e7alves Louren\u00e7o.<\/p>\n","protected":false},"excerpt":{"rendered":"<p>Parab\u00e9ns Jos\u00e9 Eduardo Dos Santos Completa hoje 78 anos de vida<\/p>\n","protected":false},"author":1,"featured_media":1650,"comment_status":"open","ping_status":"open","sticky":false,"template":"","format":"standard","meta":{"footnotes":""},"categories":[10],"tags":[143],"class_list":{"0":"post-1649","1":"post","2":"type-post","3":"status-publish","4":"format-standard","5":"has-post-thumbnail","7":"category-noticias","8":"tag-jose-eduardo-dos-santos"},"amp_enabled":true,"_links":{"self":[{"href":"https:\/\/tvbelas.com\/tvbelas\/wp-json\/wp\/v2\/posts\/1649","targetHints":{"allow":["GET"]}}],"collection":[{"href":"https:\/\/tvbelas.com\/tvbelas\/wp-json\/wp\/v2\/posts"}],"about":[{"href":"https:\/\/tvbelas.com\/tvbelas\/wp-json\/wp\/v2\/types\/post"}],"author":[{"embeddable":true,"href":"https:\/\/tvbelas.com\/tvbelas\/wp-json\/wp\/v2\/users\/1"}],"replies":[{"embeddable":true,"href":"https:\/\/tvbelas.com\/tvbelas\/wp-json\/wp\/v2\/comments?post=1649"}],"version-history":[{"count":0,"href":"https:\/\/tvbelas.com\/tvbelas\/wp-json\/wp\/v2\/posts\/1649\/revisions"}],"wp:featuredmedia":[{"embeddable":true,"href":"https:\/\/tvbelas.com\/tvbelas\/wp-json\/wp\/v2\/media\/1650"}],"wp:attachment":[{"href":"https:\/\/tvbelas.com\/tvbelas\/wp-json\/wp\/v2\/media?parent=1649"}],"wp:term":[{"taxonomy":"category","embeddable":true,"href":"https:\/\/tvbelas.com\/tvbelas\/wp-json\/wp\/v2\/categories?post=1649"},{"taxonomy":"post_tag","embeddable":true,"href":"https:\/\/tvbelas.com\/tvbelas\/wp-json\/wp\/v2\/tags?post=1649"}],"curies":[{"name":"wp","href":"https:\/\/api.w.org\/{rel}","templated":true}]}}