{"id":1656,"date":"2020-09-08T00:08:13","date_gmt":"2020-09-07T23:08:13","guid":{"rendered":"http:\/\/tvbelas.com\/tvbelas\/?p=1656"},"modified":"2020-09-08T00:08:13","modified_gmt":"2020-09-07T23:08:13","slug":"ana-gomes-e-candidata-a-presidencia-da-republica","status":"publish","type":"post","link":"https:\/\/tvbelas.com\/tvbelas\/noticias\/internacional\/ana-gomes-e-candidata-a-presidencia-da-republica\/","title":{"rendered":"Ana Gomes \u00e9 candidata \u00e0 Presid\u00eancia da Rep\u00fablica"},"content":{"rendered":"\n<p>Adecis\u00e3o est\u00e1 tomada. A socialista Ana Gomes \u00e9 candidata a Presidente da Rep\u00fablica. A candidatura ser\u00e1 oficialmente anunciada nesta quinta-feira, \u00e0s 16h, na Casa da Imprensa, em Lisboa.&nbsp;<\/p>\n","protected":false},"excerpt":{"rendered":"<p>\u201cSerei candidata\u201d, confirmou a socialista ao P\u00daBLICO. A apresenta\u00e7\u00e3o oficial ser\u00e1 feita j\u00e1 na pr\u00f3xima quinta-feira.<\/p>\n","protected":false},"author":1,"featured_media":1657,"comment_status":"open","ping_status":"open","sticky":false,"template":"","format":"standard","meta":{"footnotes":""},"categories":[22],"tags":[41],"class_list":{"0":"post-1656","1":"post","2":"type-post","3":"status-publish","4":"format-standard","5":"has-post-thumbnail","7":"category-internacional","8":"tag-ana-gomes"},"amp_enabled":true,"_links":{"self":[{"href":"https:\/\/tvbelas.com\/tvbelas\/wp-json\/wp\/v2\/posts\/1656","targetHints":{"allow":["GET"]}}],"collection":[{"href":"https:\/\/tvbelas.com\/tvbelas\/wp-json\/wp\/v2\/posts"}],"about":[{"href":"https:\/\/tvbelas.com\/tvbelas\/wp-json\/wp\/v2\/types\/post"}],"author":[{"embeddable":true,"href":"https:\/\/tvbelas.com\/tvbelas\/wp-json\/wp\/v2\/users\/1"}],"replies":[{"embeddable":true,"href":"https:\/\/tvbelas.com\/tvbelas\/wp-json\/wp\/v2\/comments?post=1656"}],"version-history":[{"count":0,"href":"https:\/\/tvbelas.com\/tvbelas\/wp-json\/wp\/v2\/posts\/1656\/revisions"}],"wp:featuredmedia":[{"embeddable":true,"href":"https:\/\/tvbelas.com\/tvbelas\/wp-json\/wp\/v2\/media\/1657"}],"wp:attachment":[{"href":"https:\/\/tvbelas.com\/tvbelas\/wp-json\/wp\/v2\/media?parent=1656"}],"wp:term":[{"taxonomy":"category","embeddable":true,"href":"https:\/\/tvbelas.com\/tvbelas\/wp-json\/wp\/v2\/categories?post=1656"},{"taxonomy":"post_tag","embeddable":true,"href":"https:\/\/tvbelas.com\/tvbelas\/wp-json\/wp\/v2\/tags?post=1656"}],"curies":[{"name":"wp","href":"https:\/\/api.w.org\/{rel}","templated":true}]}}