{"id":16897,"date":"2024-05-29T09:14:42","date_gmt":"2024-05-29T08:14:42","guid":{"rendered":"http:\/\/tvbelas.com\/tvbelas\/?p=16897"},"modified":"2024-05-29T09:14:42","modified_gmt":"2024-05-29T08:14:42","slug":"ja-decore-o-processo-para-o-pleito-na-apf-de-luanda","status":"publish","type":"post","link":"https:\/\/tvbelas.com\/tvbelas\/noticias\/desporto\/ja-decore-o-processo-para-o-pleito-na-apf-de-luanda\/","title":{"rendered":"J\u00c1 DECORE O PROCESSO PARA O PLEITO NA APF DE LUANDA"},"content":{"rendered":"\n<p>O presidente cessante da Associa\u00e7\u00e3o Provincial de Futebol de Luanda (APFL), Rafael Maria, vai se candidatar \u00e0 sua sucess\u00e3o, nas elei\u00e7\u00f5es do dia 29 de Junho, para o quadri\u00e9nio 2024\/2028.<\/p>\n\n\n\n<p>At\u00e9 ao momento mais nenhum candidato apresentou oficialmente inten\u00e7\u00e3o de concorrer.<\/p>\n\n\n\n<p>A entrega das candidaturas come\u00e7ou, no \u00faltimo domingo (26), e termina no dia 6 de Junho, \u00e0s 12 horas, segundo o calend\u00e1rio eleitoral.<\/p>\n\n\n\n<p>A Comiss\u00e3o Eleitoral, liderada por Adriano Gaspar, vai proceder \u00e0 abertura das listas, no dia 7 de Junho, \u00e0s 9 horas, na sede da APFL, onde v\u00e3o verificar as regularidades das listas e as elegibilidades dos candidatos.<\/p>\n\n\n\n<p>No dia 12, \u00e0s 9 horas, acontece a reuni\u00e3o do sorteio das listas, para a atribui\u00e7\u00e3o das denomina\u00e7\u00f5es (A, B e C). Dois dias depois, acontece a leitura do comunicado referente a elegibilidade dos candidatos.<\/p>\n\n\n\n<p>A fixa\u00e7\u00e3o das listas eleg\u00edveis, acontece no dia 18, e a campanha eleitoral tem in\u00edcio no dia seguinte, at\u00e9 27 de Junho.<\/p>\n\n\n\n<p>O dia subsequente est\u00e1 reservado para a reflex\u00e3o, ao passo que os filiados v\u00e3o \u00e0s urnas para votar nos seus candidatos, no dia 29, \u00e0s 8h00. Quatro horas depois, \u00e0s 12h30, os resultados s\u00e3o tornados p\u00fablicos.<\/p>\n\n\n\n<p>Em rela\u00e7\u00e3o ao regulamento eleitoral, apresentado e analisado pelos membros da Comiss\u00e3o Eleitoral, os clubes, cuja situa\u00e7\u00e3o jur\u00eddica e financeira n\u00e3o esteja regularizada, t\u00eam de o fazer at\u00e9 quinta-feira (30), junto da institui\u00e7\u00e3o reguladora do desporto &#8220;rei\u201d em Luanda.<\/p>\n\n\n\n<p>De contr\u00e1rio, os mesmos ficam impedidos de exercer o direito de voto, segundo a circular n.\u00ba236\/D.N.D\/2023.<\/p>\n\n\n\n<p>A Comiss\u00e3o Eleitoral, que iniciou fun\u00e7\u00f5es desde 15 do corrente m\u00eas, e conduz o processo de renova\u00e7\u00e3o de mandatos dos \u00f3rg\u00e3os sociais da APFL, tem a seguinte composi\u00e7\u00e3o: Adriano Gaspar (presidente), Bibiano Melo, Ant\u00f3nio Manuel (secret\u00e1rios) e Francisco Cabonda (escrutinador).<\/p>\n","protected":false},"excerpt":{"rendered":"<p>O presidente cessante da Associa\u00e7\u00e3o Provincial de Futebol de Luanda (APFL), Rafael Maria, vai se candidatar \u00e0 sua sucess\u00e3o, nas elei\u00e7\u00f5es do dia 29 de Junho, para o quadri\u00e9nio 2024\/2028. At\u00e9 ao momento mais nenhum candidato apresentou oficialmente inten\u00e7\u00e3o de concorrer. A entrega das candidaturas come\u00e7ou, no \u00faltimo domingo (26), e termina no dia 6 [&hellip;]<\/p>\n","protected":false},"author":1,"featured_media":16898,"comment_status":"open","ping_status":"closed","sticky":false,"template":"","format":"standard","meta":{"footnotes":""},"categories":[19],"tags":[],"class_list":{"0":"post-16897","1":"post","2":"type-post","3":"status-publish","4":"format-standard","5":"has-post-thumbnail","7":"category-desporto"},"amp_enabled":true,"_links":{"self":[{"href":"https:\/\/tvbelas.com\/tvbelas\/wp-json\/wp\/v2\/posts\/16897","targetHints":{"allow":["GET"]}}],"collection":[{"href":"https:\/\/tvbelas.com\/tvbelas\/wp-json\/wp\/v2\/posts"}],"about":[{"href":"https:\/\/tvbelas.com\/tvbelas\/wp-json\/wp\/v2\/types\/post"}],"author":[{"embeddable":true,"href":"https:\/\/tvbelas.com\/tvbelas\/wp-json\/wp\/v2\/users\/1"}],"replies":[{"embeddable":true,"href":"https:\/\/tvbelas.com\/tvbelas\/wp-json\/wp\/v2\/comments?post=16897"}],"version-history":[{"count":1,"href":"https:\/\/tvbelas.com\/tvbelas\/wp-json\/wp\/v2\/posts\/16897\/revisions"}],"predecessor-version":[{"id":16899,"href":"https:\/\/tvbelas.com\/tvbelas\/wp-json\/wp\/v2\/posts\/16897\/revisions\/16899"}],"wp:featuredmedia":[{"embeddable":true,"href":"https:\/\/tvbelas.com\/tvbelas\/wp-json\/wp\/v2\/media\/16898"}],"wp:attachment":[{"href":"https:\/\/tvbelas.com\/tvbelas\/wp-json\/wp\/v2\/media?parent=16897"}],"wp:term":[{"taxonomy":"category","embeddable":true,"href":"https:\/\/tvbelas.com\/tvbelas\/wp-json\/wp\/v2\/categories?post=16897"},{"taxonomy":"post_tag","embeddable":true,"href":"https:\/\/tvbelas.com\/tvbelas\/wp-json\/wp\/v2\/tags?post=16897"}],"curies":[{"name":"wp","href":"https:\/\/api.w.org\/{rel}","templated":true}]}}