{"id":1690,"date":"2020-09-10T21:43:17","date_gmt":"2020-09-10T20:43:17","guid":{"rendered":"http:\/\/tvbelas.com\/tvbelas\/?p=1690"},"modified":"2020-09-10T21:43:17","modified_gmt":"2020-09-10T20:43:17","slug":"covid-19-vs-gripe-sazonal-nas-criancas-investigadores-detectaram-poucas-diferencas","status":"publish","type":"post","link":"https:\/\/tvbelas.com\/tvbelas\/noticias\/saude\/covid-19-vs-gripe-sazonal-nas-criancas-investigadores-detectaram-poucas-diferencas\/","title":{"rendered":"Covid-19 vs gripe sazonal nas crian\u00e7as: investigadores detectaram poucas diferen\u00e7as"},"content":{"rendered":"\n<p>Com a chegada do Outono, os hospitais come\u00e7ar\u00e3o a assistir \u00e0 circula\u00e7\u00e3o, ao mesmo tempo, das gripes sazonais A e B e da covid-19, o que ir\u00e1 dificultar o diagn\u00f3stico e preven\u00e7\u00e3o do novo coronav\u00edrus. Com poucos dados publicados a comparar directamente as caracter\u00edsticas cl\u00ednicas das crian\u00e7as com covid-19 e com gripe sazonal, investigadores do Hospital Pedi\u00e1trico Nacional de Washington DC (EUA) realizaram um estudo com doentes dos dois grupos. Os resultados mostraram que as taxas de hospitaliza\u00e7\u00e3o, de entrada nos cuidados intensivos e de utiliza\u00e7\u00e3o de ventiladores n\u00e3o apresentaram diferen\u00e7as estatisticamente significativas. Por\u00e9m, na manifesta\u00e7\u00e3o de sintomas h\u00e1 diferen\u00e7as.&nbsp;<\/p>\n\n\n\n<p>No estudo, publicado esta semana na revista cient\u00edfica\u00a0<em><a rel=\"noreferrer noopener\" href=\"https:\/\/jamanetwork.com\/journals\/jamanetworkopen\/fullarticle\/2770250?utm_source=For_The_Media&amp;utm_medium=referral&amp;utm_campaign=ftm_links&amp;utm_term=090820\" target=\"_blank\">JAMA Network Open<\/a><\/em>, foram analisados os dados cl\u00ednicos de 315 crian\u00e7as diagnosticadas com covid-19 entre 25 de Mar\u00e7o de 2020 e 15 de Maio de 2020 e de 1402 crian\u00e7as com diagn\u00f3stico de gripe sazonal confirmada laboratorialmente entre 1 de Outubro de 2019 e 6 de Junho de 2020, no Hospital Pedi\u00e1trico Nacional de Washington DC.<\/p>\n\n\n\n<p>Dos 315 pacientes que testaram positivo para a covid-19, com uma idade m\u00e9dia de 9,7 anos, 54 (17,1%) foram hospitalizados, dos quais 18 (5,7%) foram admitidos na unidade de cuidados intensivos (UCI) e 10 (3,2%) receberam tratamento ventilat\u00f3rio mec\u00e2nico. Entre os 1402 pacientes que tiveram testes da gripe A ou B positivos, com uma idade m\u00e9dia de 4,2 anos, 291 (21,2%) foram hospitalizados \u2013 143 com gripe A e 148 com gripe B. Noventa e oito pacientes (7,0%) foram admitidos na UCI, e 27 (1,9%) receberam apoio do ventilador mec\u00e2nico.https:\/\/www.publico.pt\/2020\/09\/02\/ciencia\/noticia\/nao-sabemos-criancas-covid19-1930071\/embed?FromApp=1<\/p>\n\n\n\n<p>Em ambos os grupos, a febre foi o sintoma mais frequentemente relatado na altura do diagn\u00f3stico, seguido de tosse. Uma outra descoberta inesperada do estudo foi que uma maior propor\u00e7\u00e3o de pacientes hospitalizados com covid-19, comparativamente \u00e0 propor\u00e7\u00e3o de crian\u00e7as hospitalizadas com gripe sazonal, referiram febre (76% vs. 55%), tosse (48% vs. 31%), diarreia ou v\u00f3mitos (26% vs. 12%), dores de cabe\u00e7a (11% vs. 3%), dores no corpo\/mialgia (22% vs. 7%) e dores no peito (11% vs. 3%), como sintomas.<\/p>\n\n\n\n<p>\u201cN\u00e3o previ isto quando pensei em fazer o estudo\u201d, admite, em comunicado, a investigadora principal do estudo&nbsp;Xiaoyan&nbsp;Song, que \u00e9 directora do Departamento de Controlo de Infec\u00e7\u00f5es e Epidemiologia no Hospital Pedi\u00e1trico Nacional de Washington DC e professora de pediatria na Escola de Medicina e Ci\u00eancias da Sa\u00fade da Universidade George Washington. \u201cForam necess\u00e1rios v\u00e1rios momentos de reflex\u00e3o e de pesquisa de dados para me convencer de que esta era a conclus\u00e3o\u201d, acrescenta, referindo-se \u00e0 descoberta de que as crian\u00e7as com&nbsp;covid-19&nbsp;revelaram mais sintomas na fase de diagn\u00f3stico do que as crian\u00e7as com gripe sazonal.<\/p>\n\n\n\n<figure class=\"wp-block-image\"><img decoding=\"async\" src=\"https:\/\/static.publico.pt\/infografia\/2020\/portugal\/coronavirus-sintomas-doencas2.svg?2\" alt=\"P\u00daBLICO - \"\/><\/figure>\n\n\n\n<p>Dado que muito permanece desconhecido sobre a covid-19, a descoberta dos investigadores de que as crian\u00e7as com a doen\u00e7a apresentam mais sintomas na altura do diagn\u00f3stico do que aquelas afectadas pela gripe sazonal, \u201c\u00e9 uma boa pista do ponto de vista da preven\u00e7\u00e3o e do planeamento\u201d, diz Xiaoyan Song. \u201cCom a covid-19 enfatizamos sempre o reconhecimento e o isolamento precoces. Ter um quadro cl\u00ednico em mente ajudar\u00e1 os cl\u00ednicos ao diagnosticarem pacientes com sintomas do novo coronav\u00edrus.\u201d<\/p>\n\n\n\n<p>Como tamb\u00e9m avan\u00e7a o artigo, dos doentes hospitalizados com covid-19, 35 (65%) tinham pelo menos uma condi\u00e7\u00e3o m\u00e9dica subjacente, significativamente superior aos 121 (42%) hospitalizados com gripe. Os problemas neurol\u00f3gicos devidos a atrasos de desenvolvimento e convuls\u00f5es foram a condi\u00e7\u00e3o subjacente mais frequentemente identificada e estiveram presentes em 11 pacientes (20%) com covid-19 e em 24 pacientes (8%) hospitalizados com gripe.<\/p>\n\n\n\n<p>Nenhum doente da amostra analisada no estudo foi hospitalizado com co-infec\u00e7\u00e3o de covid-19 e gripe sazonal. Dois pacientes com gripe A morreram e n\u00e3o foram observadas mortes entre os doentes com covid-19 ou gripe B.https:\/\/www.publico.pt\/coronavirus\/embed?FromApp=1<\/p>\n\n\n\n<p>Durante o per\u00edodo do estudo, os investigadores notaram um decl\u00ednio abrupto dos casos de gripe no Hospital Pedi\u00e1trico Nacional de Washington DC, ap\u00f3s o encerramento das escolas locais a 15 de Mar\u00e7o de 2020 e as ordens de perman\u00eancia em casa cerca de duas semanas depois para combater a propaga\u00e7\u00e3o comunit\u00e1ria da covid-19. A taxa de detec\u00e7\u00e3o positiva da gripe diminuiu de 22% na semana que terminou a 21 de Mar\u00e7o para 0,3% entre 22 de Mar\u00e7o e 6 de Junho, tendo sido detectado apenas um caso de gripe.<\/p>\n\n\n\n<h2 class=\"wp-block-heading\">Custo e benef\u00edcio de fechar escolas<\/h2>\n\n\n\n<p><a href=\"https:\/\/www.publico.pt\/2020\/09\/09\/ciencia\/noticia\/covid19-astrazeneca-suspende-ensaios-clinicos-devido-suspeita-reaccao-adversa-participante-1930903\">Covid-19: AstraZeneca suspende ensaios cl\u00ednicos devido a suspeita de reac\u00e7\u00e3o adversa em participante<\/a><\/p>\n\n\n\n<p>Song afirma, na nota enviada \u00e0 imprensa, que o impacto do encerramento de escolas na propaga\u00e7\u00e3o da covid-19 entre as crian\u00e7as \u00e9 a pr\u00f3xima \u00e1rea de estudo da sua equipa de investiga\u00e7\u00e3o. \u201cQueremos avaliar o impacto quantitativo do encerramento de escolas para podermos determinar at\u00e9 que ponto o custo do encerramento de escolas e da perman\u00eancia em casa supera o benef\u00edcio da redu\u00e7\u00e3o da transmiss\u00e3o da covid-19 e os encargos para o sistema de sa\u00fade.\u201d<\/p>\n\n\n\n<p>Como se pode ler no artigo, a gripe nas crian\u00e7as tem sido bem descrita. Em contraste, h\u00e1 ainda uma grave escassez de dados pedi\u00e1tricos no que diz respeito \u00e0 covid-19. Dados iniciais e limitados sugerem que as crian\u00e7as podem ter menos probabilidades de contrair a doen\u00e7a e que poucas requerem hospitaliza\u00e7\u00e3o ou apresentam febre, tosse ou falta de ar, em compara\u00e7\u00e3o com os pacientes adultos. A morte de crian\u00e7as por covid-19 \u00e9 rara, contudo, continuam a surgir novas e graves manifesta\u00e7\u00f5es cl\u00ednicas que lhe est\u00e3o associadas, incluindo uma doen\u00e7a rara e grave, denominada&nbsp;<a href=\"https:\/\/www.publico.pt\/2020\/05\/15\/ciencia\/noticia\/reaccao-inflamatoria-rara-estar-associada-covid19-detectada-230-criancas-europa-1916770\">s\u00edndrome inflamat\u00f3ria multissist\u00e9mica<\/a>, que apresenta como sintomas principais febre, problemas gastrointestinais (dor abdominal, diarreia e v\u00f3mitos), erup\u00e7\u00e3o cut\u00e2nea e complica\u00e7\u00f5es card\u00edacas. No \u00faltimo&nbsp;<a href=\"https:\/\/www.ecdc.europa.eu\/sites\/default\/files\/documents\/covid-19-risk-assessment-paediatric-inflammatory-multisystem-syndrome-15-May-2020.pdf\" target=\"_blank\" rel=\"noreferrer noopener\">boletim divulgado pelo Centro Europeu de Controlo de Doen\u00e7as (ECDC)<\/a>, em 15 de Maio, a respeito desta manifesta\u00e7\u00e3o nas crian\u00e7as, dava-se conta de 322 casos em todo o mundo.<\/p>\n\n\n\n<p>Foi a pensar no facto de a preven\u00e7\u00e3o da covid-19 poder ser ainda mais complicada durante a \u00e9poca da gripe que a equipa de investigadores realizou este estudo retrospectivo. \u201cA colis\u00e3o da gripe e da covid-19 este Outono pode significar um aumento das hospitaliza\u00e7\u00f5es pedi\u00e1tricas. \u00c9 por isso que \u00e9 importante tomar a vacina da gripe, porque pode ajudar a retirar pelo menos um v\u00edrus respirat\u00f3rio da circula\u00e7\u00e3o\u201d, alerta, em conclus\u00e3o, Xiaoyan Song.https:\/\/www.publico.pt\/2020\/05\/15\/ciencia\/noticia\/reaccao-inflamatoria-rara-estar-associada-covid19-detectada-230-criancas-europa-1916770\/embed?FromApp=1<\/p>\n","protected":false},"excerpt":{"rendered":"<p>Um novo estudo norte-americano comparou as caracter\u00edsticas cl\u00ednicas de 315 crian\u00e7as com covid-19 e de mais de 1400 crian\u00e7as com gripes sazonais. As taxas de hospitaliza\u00e7\u00e3o, de entrada nos cuidados intensivos e de utiliza\u00e7\u00e3o de ventiladores apresentaram pouca diferen\u00e7a entre os dois grupos. Crian\u00e7as com covid-19 revelaram mais sintomas na fase de diagn\u00f3stico.<\/p>\n","protected":false},"author":1,"featured_media":1691,"comment_status":"open","ping_status":"open","sticky":false,"template":"","format":"standard","meta":{"footnotes":""},"categories":[14],"tags":[82],"class_list":{"0":"post-1690","1":"post","2":"type-post","3":"status-publish","4":"format-standard","5":"has-post-thumbnail","7":"category-saude","8":"tag-covid-19"},"amp_enabled":true,"_links":{"self":[{"href":"https:\/\/tvbelas.com\/tvbelas\/wp-json\/wp\/v2\/posts\/1690","targetHints":{"allow":["GET"]}}],"collection":[{"href":"https:\/\/tvbelas.com\/tvbelas\/wp-json\/wp\/v2\/posts"}],"about":[{"href":"https:\/\/tvbelas.com\/tvbelas\/wp-json\/wp\/v2\/types\/post"}],"author":[{"embeddable":true,"href":"https:\/\/tvbelas.com\/tvbelas\/wp-json\/wp\/v2\/users\/1"}],"replies":[{"embeddable":true,"href":"https:\/\/tvbelas.com\/tvbelas\/wp-json\/wp\/v2\/comments?post=1690"}],"version-history":[{"count":0,"href":"https:\/\/tvbelas.com\/tvbelas\/wp-json\/wp\/v2\/posts\/1690\/revisions"}],"wp:featuredmedia":[{"embeddable":true,"href":"https:\/\/tvbelas.com\/tvbelas\/wp-json\/wp\/v2\/media\/1691"}],"wp:attachment":[{"href":"https:\/\/tvbelas.com\/tvbelas\/wp-json\/wp\/v2\/media?parent=1690"}],"wp:term":[{"taxonomy":"category","embeddable":true,"href":"https:\/\/tvbelas.com\/tvbelas\/wp-json\/wp\/v2\/categories?post=1690"},{"taxonomy":"post_tag","embeddable":true,"href":"https:\/\/tvbelas.com\/tvbelas\/wp-json\/wp\/v2\/tags?post=1690"}],"curies":[{"name":"wp","href":"https:\/\/api.w.org\/{rel}","templated":true}]}}