{"id":16900,"date":"2024-05-30T21:18:29","date_gmt":"2024-05-30T20:18:29","guid":{"rendered":"http:\/\/tvbelas.com\/tvbelas\/?p=16900"},"modified":"2024-05-30T21:18:29","modified_gmt":"2024-05-30T20:18:29","slug":"liga-de-futebol-de-luanda-volta-a-tv-belas-a-caminho-do-ponto-final","status":"publish","type":"post","link":"https:\/\/tvbelas.com\/tvbelas\/noticias\/desporto\/liga-de-futebol-de-luanda-volta-a-tv-belas-a-caminho-do-ponto-final\/","title":{"rendered":"LIGA DE FUTEBOL DE LUANDA VOLTA A TV BELAS A CAMINHO DO PONTO FINAL"},"content":{"rendered":"\n<p>A festa do futebol Luandense est\u00e1 a caminho do fim e neste final de semana de 1 e 2 de Junho entra para a pen\u00faltima jornada com imagens HD na TV Belas.<\/p>\n\n\n\n<p>Com o campe\u00e3o a j\u00e1 algumas jornadas encontrado, a luta pelo segundo e terceiro continua, assim como a confirma\u00e7\u00e3o das equipas que descem de divis\u00e3o.<\/p>\n\n\n\n<p>E\u00eds os jogos da 29a jornada: S\u00c1BADO 01.06.24<\/p>\n\n\n\n<p>FC Renascer Vs Luanda City FC.<br>Campo Adjacente<br>09h00<\/p>\n\n\n\n<p>Interclube B Vs Moniz FC.<br>Est\u00e1dio 22 de Junho<br>09h00<br>Transmiss\u00e3o na TV BELAS<\/p>\n\n\n\n<p>FC da Calemba Vs Lobos FC<br>Campo CTT<br>15h00<\/p>\n\n\n\n<p>Kambas FC Vs ASA<br>Est\u00e1dio da Cidadela<br>15h00<br>Transmiss\u00e3o na TV BELAS<\/p>\n\n\n\n<p>Escola do Zango Vs Matilha FC<br>Campo Adjacente<br>15h00<\/p>\n\n\n\n<p>CONCLUS\u00c3O DA JORNADA DOMINGO &#8211; 02.06.24<\/p>\n\n\n\n<p>Nedji AFC Vs Petro Luanda B<br>Campo Oliveira Saturnino Jesus\/ Catet\u00e3o<br>10h00<br>Transmiss\u00e3o na TV BELAS<\/p>\n\n\n\n<p>Elite Real FC Vs 1\u00ba de Agosto B<br>Campo Ex RI20<br>15h00<br>Transmiss\u00e3o na TV BELAS<\/p>\n\n\n\n<p>AFA Vs Guelson FC<br>Est\u00e1dio da Gl\u00f3ria<br>15h00<\/p>\n\n\n\n<p>CLASSIFICA\u00c7\u00c3O A 28\u00aa JORNADA DA LFL 2023\/2024<\/p>\n\n\n\n<p>1\u00ba Petro de LDA B.\u00bb\u00bb\u00bb\u00bb71<br>\u201cCampe\u00e3o Antecipado\u201d<br>2\u00ba RSD Guelson FC.\u00bb\u00bb\u00bb59<br>3\u00ba AFA\u00bb\u00bb\u00bb\u00bb\u00bb\u00bb\u00bb\u00bb\u00bb\u00bb\u00bb\u00bb\u00bb\u00bb\u00bb58<br>4\u00ba 1\u00ba D&#8217;Agosto B\u00bb\u00bb\u00bb\u00bb\u00bb\u00bb55<br>5\u00ba ASA&gt;\u00bb\u00bb\u00bb\u00bb\u00bb\u00bb\u00bb\u00bb\u00bb\u00bb\u00bb\u00bb\u00bb\u00bb52<br>6\u00ba Interclube B.\u00bb\u00bb\u00bb\u00bb\u00bb\u00bb\u00bb51<br>7\u00ba Kambas FC\u00bb\u00bb\u00bb\u00bb\u00bb\u00bb\u00bb\u00bb47<br>8\u00ba Neidji AFC\u00bb\u00bb\u00bb\u00bb\u00bb\u00bb\u00bb\u00bb\u00bb42<br>9\u00ba Luanda City.\u00bb\u00bb\u00bb\u00bb\u00bb\u00bb\u00bb40<br>10\u00ba Elite Real\u00bb\u00bb\u00bb\u00bb\u00bb\u00bb\u00bb\u00bb\u00bb36<br>11\u00ba Calemba FC\u00bb\u00bb\u00bb\u00bb\u00bb\u00bb32<br>12\u00aa Escola do Zango\u00bb\u00bb29<br>13\u00ba Matilha FC.\u00bb\u00bb\u00bb\u00bb\u00bb\u00bb\u00bb20<br>14\u00ba Lobos FC.\u00bb\u00bb\u00bb\u00bb\u00bb\u00bb\u00bb\u00bb16<br>15\u00ba Moniz FC\u00bb\u00bb\u00bb\u00bb\u00bb\u00bb\u00bb\u00bb\u00bb13<br>16\u00ba Renascer Estoril\u00bb\u00bb\u00bb8<\/p>\n\n\n\n<p>OBS: Os tr\u00eas \u00faltimos classificados da prova descem para o Campeonato Provincial de S\u00e9nior\/B e ascendem os tr\u00eas primeiros classificados do Campeonato S\u00e9nior\/B.<\/p>\n\n\n\n<p>Tv Belas 11 Anos, Juntos Criamos a Nossa Hist\u00f3ria.<\/p>\n","protected":false},"excerpt":{"rendered":"<p>A festa do futebol Luandense est\u00e1 a caminho do fim e neste final de semana de 1 e 2 de Junho entra para a pen\u00faltima jornada com imagens HD na TV Belas. Com o campe\u00e3o a j\u00e1 algumas jornadas encontrado, a luta pelo segundo e terceiro continua, assim como a confirma\u00e7\u00e3o das equipas que descem [&hellip;]<\/p>\n","protected":false},"author":1,"featured_media":16901,"comment_status":"open","ping_status":"closed","sticky":false,"template":"","format":"standard","meta":{"footnotes":""},"categories":[19],"tags":[],"class_list":{"0":"post-16900","1":"post","2":"type-post","3":"status-publish","4":"format-standard","5":"has-post-thumbnail","7":"category-desporto"},"amp_enabled":true,"_links":{"self":[{"href":"https:\/\/tvbelas.com\/tvbelas\/wp-json\/wp\/v2\/posts\/16900","targetHints":{"allow":["GET"]}}],"collection":[{"href":"https:\/\/tvbelas.com\/tvbelas\/wp-json\/wp\/v2\/posts"}],"about":[{"href":"https:\/\/tvbelas.com\/tvbelas\/wp-json\/wp\/v2\/types\/post"}],"author":[{"embeddable":true,"href":"https:\/\/tvbelas.com\/tvbelas\/wp-json\/wp\/v2\/users\/1"}],"replies":[{"embeddable":true,"href":"https:\/\/tvbelas.com\/tvbelas\/wp-json\/wp\/v2\/comments?post=16900"}],"version-history":[{"count":1,"href":"https:\/\/tvbelas.com\/tvbelas\/wp-json\/wp\/v2\/posts\/16900\/revisions"}],"predecessor-version":[{"id":16902,"href":"https:\/\/tvbelas.com\/tvbelas\/wp-json\/wp\/v2\/posts\/16900\/revisions\/16902"}],"wp:featuredmedia":[{"embeddable":true,"href":"https:\/\/tvbelas.com\/tvbelas\/wp-json\/wp\/v2\/media\/16901"}],"wp:attachment":[{"href":"https:\/\/tvbelas.com\/tvbelas\/wp-json\/wp\/v2\/media?parent=16900"}],"wp:term":[{"taxonomy":"category","embeddable":true,"href":"https:\/\/tvbelas.com\/tvbelas\/wp-json\/wp\/v2\/categories?post=16900"},{"taxonomy":"post_tag","embeddable":true,"href":"https:\/\/tvbelas.com\/tvbelas\/wp-json\/wp\/v2\/tags?post=16900"}],"curies":[{"name":"wp","href":"https:\/\/api.w.org\/{rel}","templated":true}]}}