{"id":1693,"date":"2020-09-11T09:47:09","date_gmt":"2020-09-11T08:47:09","guid":{"rendered":"http:\/\/tvbelas.com\/tvbelas\/?p=1693"},"modified":"2020-09-11T09:47:09","modified_gmt":"2020-09-11T08:47:09","slug":"administracao-do-sambizanga-mostra-se-preocupada-com-aumento-da-criminalidade","status":"publish","type":"post","link":"https:\/\/tvbelas.com\/tvbelas\/noticias\/sociedade\/administracao-do-sambizanga-mostra-se-preocupada-com-aumento-da-criminalidade\/","title":{"rendered":"ADMINISTRA\u00c7\u00c3O DO SAMBIZANGA MOSTRA-SE PREOCUPADA COM AUMENTO DA CRIMINALIDADE"},"content":{"rendered":"\n<p>A administra\u00e7\u00e3o municipal do Sambizanga mostrou-se preocupada com o aumento de assaltos que tem vindo a se constatar naquela regi\u00e3o do pa\u00eds. De formas a combater esta pr\u00e1tica, a administra\u00e7\u00e3o do referido munic\u00edpio promoveu hoje, 10 de Setembro, uma confer\u00eancia de imprensa onde foram ditadas as novas medidas para erradicar o fen\u00f3meno. Para o administrador municipal, Tom\u00e1s Bicas, o combate \u00e0 criminalidade n\u00e3o deve ser apenas da Pol\u00edcia Nacional, mas de toda comunidade, onde est\u00e3o envolvidas as igrejas, fam\u00edlias, associa\u00e7\u00f5es filantr\u00f3picas e vigilantes comunit\u00e1rios. De recordar que o munic\u00edpio do Sambizanga j\u00e1 foi considerado uma das localidades mais perigosas do pa\u00eds.<\/p>\n","protected":false},"excerpt":{"rendered":"<p>ADMINISTRA\u00c7\u00c3O DO SAMBIZANGA MOSTRA-SE PREOCUPADA COM AUMENTO DA CRIMINALIDADE<\/p>\n","protected":false},"author":1,"featured_media":1694,"comment_status":"open","ping_status":"open","sticky":true,"template":"","format":"standard","meta":{"footnotes":""},"categories":[15],"tags":[87],"class_list":{"0":"post-1693","1":"post","2":"type-post","3":"status-publish","4":"format-standard","5":"has-post-thumbnail","7":"category-sociedade","8":"tag-criminalidade"},"amp_enabled":true,"_links":{"self":[{"href":"https:\/\/tvbelas.com\/tvbelas\/wp-json\/wp\/v2\/posts\/1693","targetHints":{"allow":["GET"]}}],"collection":[{"href":"https:\/\/tvbelas.com\/tvbelas\/wp-json\/wp\/v2\/posts"}],"about":[{"href":"https:\/\/tvbelas.com\/tvbelas\/wp-json\/wp\/v2\/types\/post"}],"author":[{"embeddable":true,"href":"https:\/\/tvbelas.com\/tvbelas\/wp-json\/wp\/v2\/users\/1"}],"replies":[{"embeddable":true,"href":"https:\/\/tvbelas.com\/tvbelas\/wp-json\/wp\/v2\/comments?post=1693"}],"version-history":[{"count":0,"href":"https:\/\/tvbelas.com\/tvbelas\/wp-json\/wp\/v2\/posts\/1693\/revisions"}],"wp:featuredmedia":[{"embeddable":true,"href":"https:\/\/tvbelas.com\/tvbelas\/wp-json\/wp\/v2\/media\/1694"}],"wp:attachment":[{"href":"https:\/\/tvbelas.com\/tvbelas\/wp-json\/wp\/v2\/media?parent=1693"}],"wp:term":[{"taxonomy":"category","embeddable":true,"href":"https:\/\/tvbelas.com\/tvbelas\/wp-json\/wp\/v2\/categories?post=1693"},{"taxonomy":"post_tag","embeddable":true,"href":"https:\/\/tvbelas.com\/tvbelas\/wp-json\/wp\/v2\/tags?post=1693"}],"curies":[{"name":"wp","href":"https:\/\/api.w.org\/{rel}","templated":true}]}}