{"id":17094,"date":"2024-07-25T12:35:59","date_gmt":"2024-07-25T11:35:59","guid":{"rendered":"http:\/\/tvbelas.com\/tvbelas\/?p=17094"},"modified":"2024-07-25T12:46:53","modified_gmt":"2024-07-25T11:46:53","slug":"angola-perde-por-tres-golos-no-jogo-inaugural-que-disputou-nos-jogos-olimpicos-de-paris","status":"publish","type":"post","link":"https:\/\/tvbelas.com\/tvbelas\/noticias\/desporto\/angola-perde-por-tres-golos-no-jogo-inaugural-que-disputou-nos-jogos-olimpicos-de-paris\/","title":{"rendered":"ANGOLA PERDE POR TRES GOLOS NO JOGO INAUGURAL QUE DISPUTOU NOS JOGOS OLIMPICOS DE PARIS"},"content":{"rendered":"\n<p>A Selec\u00e7\u00e3o nacional s\u00e9nior feminina de Andebol perdeu, esta quinta-feira, diante dos Pa\u00edses Baixos, por 31-34, no primeiro jogo do grupo preliminar B do torneio ol\u00edmpico.<\/p>\n\n\n\n<p>Vilma Neganga e Helena Paulo com seis golos cada foram as melhores marcadoras da selec\u00e7\u00e3o nacional na partida.<\/p>\n\n\n\n<p>As p\u00e9rolas, campe\u00e3s africanas, que perdiam ao intervalo por 18-19 voltam a quadra no pr\u00f3ximo Domingo para enfrentar a Espanha \u00e0s 18 horas em Angola.<\/p>\n\n\n\n<p>Entretanto, lateral direita angolana, Aznaide Carlos \u201cZica\u201d, de 34 anos e 1,71 metros, e que ser\u00e1 a porta bandeira de Angola na cerim\u00f3nia de abertura nesta sexta feira, integra a lista das dez jogadoras mais destacadas da modalidade, presentes nos Jogos Ol\u00edmpicos Paris 2024, segundo a avalia\u00e7\u00e3o da Federa\u00e7\u00e3o Internacional de Andebol (IHF).<\/p>\n\n\n\n<p>A atleta, soma cinco presen\u00e7as consecutivas nos Jogos Ol\u00edmpicos \u2014 Pequim 2008, Londres 2012, Rio 2016, T\u00f3quio 2020 e Paris 2024.<\/p>\n\n\n\n<p>Outra atleta da selec\u00e7\u00e3o S\u00e9nior feminina de andebol com cinco jogos Ol\u00edmpicos \u00e9 Nat\u00e1lia Bernardo dos Santos .<\/p>\n\n\n\n<p>De referir que Jo\u00e3o Tyamba j\u00e1 retirado do atletismo profissional \u00e9 o angolano com mais jogos Ol\u00edmpicos disputados, seis no total,<br>tendo representou Angola nos eventos de Seul&#8217;1988, Barcelona&#8217;1992, Atlanta&#8217;1996 e Sidney&#8217;2000, em Atenas&#8217;2004 e fechou com Pequim&#8217;2008.<\/p>\n\n\n\n<p>TV Belas Juntos Criamos a Nossa Hist\u00f3ria.<\/p>\n","protected":false},"excerpt":{"rendered":"<p>A Selec\u00e7\u00e3o nacional s\u00e9nior feminina de Andebol perdeu, esta quinta-feira, diante dos Pa\u00edses Baixos, por 31-34, no primeiro jogo do grupo preliminar B do torneio ol\u00edmpico. Vilma Neganga e Helena Paulo com seis golos cada foram as melhores marcadoras da selec\u00e7\u00e3o nacional na partida. As p\u00e9rolas, campe\u00e3s africanas, que perdiam ao intervalo por 18-19 voltam [&hellip;]<\/p>\n","protected":false},"author":1,"featured_media":17095,"comment_status":"open","ping_status":"closed","sticky":false,"template":"","format":"standard","meta":{"footnotes":""},"categories":[19],"tags":[],"class_list":{"0":"post-17094","1":"post","2":"type-post","3":"status-publish","4":"format-standard","5":"has-post-thumbnail","7":"category-desporto"},"amp_enabled":true,"_links":{"self":[{"href":"https:\/\/tvbelas.com\/tvbelas\/wp-json\/wp\/v2\/posts\/17094","targetHints":{"allow":["GET"]}}],"collection":[{"href":"https:\/\/tvbelas.com\/tvbelas\/wp-json\/wp\/v2\/posts"}],"about":[{"href":"https:\/\/tvbelas.com\/tvbelas\/wp-json\/wp\/v2\/types\/post"}],"author":[{"embeddable":true,"href":"https:\/\/tvbelas.com\/tvbelas\/wp-json\/wp\/v2\/users\/1"}],"replies":[{"embeddable":true,"href":"https:\/\/tvbelas.com\/tvbelas\/wp-json\/wp\/v2\/comments?post=17094"}],"version-history":[{"count":2,"href":"https:\/\/tvbelas.com\/tvbelas\/wp-json\/wp\/v2\/posts\/17094\/revisions"}],"predecessor-version":[{"id":17097,"href":"https:\/\/tvbelas.com\/tvbelas\/wp-json\/wp\/v2\/posts\/17094\/revisions\/17097"}],"wp:featuredmedia":[{"embeddable":true,"href":"https:\/\/tvbelas.com\/tvbelas\/wp-json\/wp\/v2\/media\/17095"}],"wp:attachment":[{"href":"https:\/\/tvbelas.com\/tvbelas\/wp-json\/wp\/v2\/media?parent=17094"}],"wp:term":[{"taxonomy":"category","embeddable":true,"href":"https:\/\/tvbelas.com\/tvbelas\/wp-json\/wp\/v2\/categories?post=17094"},{"taxonomy":"post_tag","embeddable":true,"href":"https:\/\/tvbelas.com\/tvbelas\/wp-json\/wp\/v2\/tags?post=17094"}],"curies":[{"name":"wp","href":"https:\/\/api.w.org\/{rel}","templated":true}]}}