{"id":17111,"date":"2024-08-08T08:51:00","date_gmt":"2024-08-08T07:51:00","guid":{"rendered":"http:\/\/tvbelas.com\/tvbelas\/?p=17111"},"modified":"2024-08-08T16:40:47","modified_gmt":"2024-08-08T15:40:47","slug":"luanda-sera-o-epicentro-do-desenvolvimento-agricola-em-outubro-de-2024-com-a-realizacao-da-3a-edicao-do-forum-angolano-de-agronegocio","status":"publish","type":"post","link":"https:\/\/tvbelas.com\/tvbelas\/noticias\/economia-angola\/luanda-sera-o-epicentro-do-desenvolvimento-agricola-em-outubro-de-2024-com-a-realizacao-da-3a-edicao-do-forum-angolano-de-agronegocio\/","title":{"rendered":"LUANDA SER\u00c1 O EPICENTRO DO DESENVOLVIMENTO AGR\u00cdCOLA EM OUTUBRO DE 2024, COM A REALIZA\u00c7\u00c3O DA 3\u00aa EDI\u00c7\u00c3O DO F\u00d3RUM ANGOLANO DE AGRONEG\u00d3CIO"},"content":{"rendered":"\n<p>Luanda ser\u00e1 o epicentro do desenvolvimento agr\u00edcola em Outubro de 2024, com a realiza\u00e7\u00e3o da 3\u00aa Edi\u00e7\u00e3o do F\u00f3rum Angolano de Agroneg\u00f3cio, promovido pela ZAMBECA INTERNATIONAL BUSINESS. Com o lema \u201cAgroneg\u00f3cio em Angola: Caminhos para uma Economia Diversificada\u201d, o evento promete ser um marco na traject\u00f3ria do sector agro-industrial no pa\u00eds.<\/p>\n\n\n\n<p>De acordo com o seu CEO, Gen\u00e9sio Rodrigo Correia, o f\u00f3rum reunir\u00e1 especialistas, empres\u00e1rios, autoridades governamentais e representantes de organiza\u00e7\u00f5es internacionais para discutir estrat\u00e9gias inovadoras e sustent\u00e1veis que possam transformar o agroneg\u00f3cio em um pilar fundamental da economia angolana. O respons\u00e1vel assegurou tamb\u00e9m que a agenda do evento inclui palestras, pain\u00e9is de discuss\u00e3o e workshops focados em temas como: inova\u00e7\u00e3o tecnol\u00f3gica, sustentabilidade, financiamento agr\u00edcola e pol\u00edticas p\u00fablicas.<\/p>\n\n\n\n<p>Entre os palestrantes, destacam-se l\u00edderes do sector, executivos de empresas de destaque no sector Agr\u00edcola, acad\u00e9micos e empreendedores que compartilhar\u00e3o suas experi\u00eancias e vis\u00f5es sobre como o agroneg\u00f3cio pode impulsionar o crescimento econ\u00f3mico e promover a seguran\u00e7a alimentar em Angola. Al\u00e9m disso, o evento ser\u00e1 uma plataforma para networking, permitindo a cria\u00e7\u00e3o de parcerias estrat\u00e9gicas e a troca de conhecimentos entre os participantes.<\/p>\n\n\n\n<p>A ZAMBECA INTERNATIONAL BUSINESS, organizadora do evento, reafirma seu compromisso com o desenvolvimento sustent\u00e1vel e a diversifica\u00e7\u00e3o da economia do pa\u00eds. A empresa v\u00ea no agroneg\u00f3cio um potencial inexplorado que, se bem estruturado, pode gerar empregos, aumentar a renda das fam\u00edlias rurais e reduzir a depend\u00eancia do petr\u00f3leo. O CEO da Zambeca Internacional Business, Gen\u00e9sio Rodrigo Correia, diz acreditar, que o agroneg\u00f3cio \u00e9 a chave para um futuro pr\u00f3spero e sustent\u00e1vel para Angola e que o f\u00f3rum \u00e9 uma plataforma para a troca de ideias e a constru\u00e7\u00e3o de parcerias que podem acelerar a transforma\u00e7\u00e3o do sector agr\u00edcola.<\/p>\n\n\n\n<p>\u201cAgroneg\u00f3cio em Angola: Caminhos para uma Economia Diversificada\u201d n\u00e3o \u00e9 apenas o tema do f\u00f3rum, mas uma chamada para a ac\u00e7\u00e3o. \u00c9 um convite para que todos os actores do sector se unam em prol de um objectivo comum: transformar a agricultura em um motor de desenvolvimento para Angola.<\/p>\n\n\n\n<p>Gen\u00e9sio Rodrigo Correia, afirmou ainda, que a 3\u00aa Edi\u00e7\u00e3o do F\u00f3rum Angolano de Agroneg\u00f3cio visa capacitar as empresas para responderem de maneira eficaz \u00e0s din\u00e2micas do mercado, adotando modelos e estruturas organizativas que fortale\u00e7am sua posi\u00e7\u00e3o competitiva. Al\u00e9m disso, diz o respons\u00e1vel, que o evento abordar\u00e1 a influ\u00eancia das pr\u00e1ticas inovadoras no futuro do Agroneg\u00f3cio, proporcionando uma vis\u00e3o estrat\u00e9gica para os desafios e oportunidades que o sector enfrenta.<\/p>\n\n\n\n<p>O CEO da Zambeca Internacional Business, Gen\u00e9sio Rodrigo Correia, apela a todos a n\u00e3o perderem a oportunidade de participar deste evento transformador e de contribuir para o futuro do agroneg\u00f3cio em Angola.<\/p>\n\n\n\n<p>PARA TODOS OS INTERESSADOS,<br>as inscri\u00e7\u00f5es j\u00e1 est\u00e3o abertas e as vagas s\u00e3o limitadas. Prepare-se para fazer parte da mudan\u00e7a!<br>\u2014\u2014\u2014\u2014\u2014\u2014\u2014\u2014\u2014\u2013<br>F\u00f3rum Angolano de Agroneg\u00f3cio: Caminhos para uma Economia Diversificada.<\/p>\n","protected":false},"excerpt":{"rendered":"<p>Luanda ser\u00e1 o epicentro do desenvolvimento agr\u00edcola em Outubro de 2024, com a realiza\u00e7\u00e3o da 3\u00aa Edi\u00e7\u00e3o do F\u00f3rum Angolano de Agroneg\u00f3cio, promovido pela ZAMBECA INTERNATIONAL BUSINESS. Com o lema \u201cAgroneg\u00f3cio em Angola: Caminhos para uma Economia Diversificada\u201d, o evento promete ser um marco na traject\u00f3ria do sector agro-industrial no pa\u00eds. De acordo com o [&hellip;]<\/p>\n","protected":false},"author":1,"featured_media":17112,"comment_status":"open","ping_status":"closed","sticky":false,"template":"","format":"standard","meta":{"footnotes":""},"categories":[20],"tags":[],"class_list":{"0":"post-17111","1":"post","2":"type-post","3":"status-publish","4":"format-standard","5":"has-post-thumbnail","7":"category-economia-angola"},"amp_enabled":true,"_links":{"self":[{"href":"https:\/\/tvbelas.com\/tvbelas\/wp-json\/wp\/v2\/posts\/17111","targetHints":{"allow":["GET"]}}],"collection":[{"href":"https:\/\/tvbelas.com\/tvbelas\/wp-json\/wp\/v2\/posts"}],"about":[{"href":"https:\/\/tvbelas.com\/tvbelas\/wp-json\/wp\/v2\/types\/post"}],"author":[{"embeddable":true,"href":"https:\/\/tvbelas.com\/tvbelas\/wp-json\/wp\/v2\/users\/1"}],"replies":[{"embeddable":true,"href":"https:\/\/tvbelas.com\/tvbelas\/wp-json\/wp\/v2\/comments?post=17111"}],"version-history":[{"count":1,"href":"https:\/\/tvbelas.com\/tvbelas\/wp-json\/wp\/v2\/posts\/17111\/revisions"}],"predecessor-version":[{"id":17113,"href":"https:\/\/tvbelas.com\/tvbelas\/wp-json\/wp\/v2\/posts\/17111\/revisions\/17113"}],"wp:featuredmedia":[{"embeddable":true,"href":"https:\/\/tvbelas.com\/tvbelas\/wp-json\/wp\/v2\/media\/17112"}],"wp:attachment":[{"href":"https:\/\/tvbelas.com\/tvbelas\/wp-json\/wp\/v2\/media?parent=17111"}],"wp:term":[{"taxonomy":"category","embeddable":true,"href":"https:\/\/tvbelas.com\/tvbelas\/wp-json\/wp\/v2\/categories?post=17111"},{"taxonomy":"post_tag","embeddable":true,"href":"https:\/\/tvbelas.com\/tvbelas\/wp-json\/wp\/v2\/tags?post=17111"}],"curies":[{"name":"wp","href":"https:\/\/api.w.org\/{rel}","templated":true}]}}