{"id":17116,"date":"2024-08-10T13:24:16","date_gmt":"2024-08-10T12:24:16","guid":{"rendered":"http:\/\/tvbelas.com\/tvbelas\/?p=17116"},"modified":"2024-08-10T13:24:16","modified_gmt":"2024-08-10T12:24:16","slug":"cnj-no-icolo-e-bengo-inteira-se-sobre-funcionamento-do-maptss","status":"publish","type":"post","link":"https:\/\/tvbelas.com\/tvbelas\/noticias\/politica-angola\/cnj-no-icolo-e-bengo-inteira-se-sobre-funcionamento-do-maptss\/","title":{"rendered":"CNJ NO ICOLO E BENGO INTEIRA-SE SOBRE FUNCIONAMENTO DO MAPTSS"},"content":{"rendered":"\n<p>A Comiss\u00e3o directiva do CNJ Icolo e Bengo liderado pelo Secret\u00e1rio Executivo, Jo\u00e3o Fernando Pessoa \u201cDIOGO\u201d, realizou visita de trabalho ao Centro de emprego do Minist\u00e9rio Administra\u00e7\u00e3o P\u00fablica Trabalho e Seguran\u00e7a Social ( MAPTSS) no Icolo e Bengo, e foi recebida pelo Director do Centro, Dr. Tom\u00e1s Cadete, que de forma cordial e Juvenil apresentou v\u00e1rios projectos que beneficia a Juventude de Icolo e Bengo e n\u00e3o s\u00f3.<\/p>\n\n\n\n<p>A visita ao Centro cingiu no objectivo de se inteirar sobre o funcionamento desta institui\u00e7\u00e3o do Estado, afim de conhecer as politicas do governo sobre a empregabilidade e forma\u00e7\u00e3o t\u00e9cnica profissional para os jovens.<\/p>\n\n\n\n<p>\u00c9 inten\u00e7\u00e3o do CNJ Icolo e Bengo desenhar programa para fomentar o emprego no seio dos jovens, bem como a promo\u00e7\u00e3o de forma\u00e7\u00e3o t\u00e9cnica profissional nas v\u00e1rias do saber.<\/p>\n\n\n\n<p>O CNJ Icolo e Bengo, est\u00e1 atento e tudo faz para melhorar a qualidade de vida dos jovens no Munic\u00edpio de Icolo e Bengo, da\u00ed que est\u00e3o em curso projectos como o PROJAPRON e outros . \u201c\u00c9 nosso objectivo olhar aos jovens, entender os seus anseios e junto das inst\u00e2ncias governativa buscar solu\u00e7\u00f5es,\u201d terminou por dizer o Secret\u00e1rio Executivo, Jo\u00e3o Pessoa.<\/p>\n\n\n\n<figure class=\"wp-block-gallery has-nested-images columns-default is-cropped wp-block-gallery-1 is-layout-flex wp-block-gallery-is-layout-flex\">\n<figure class=\"wp-block-image size-large\"><img loading=\"lazy\" decoding=\"async\" width=\"768\" height=\"1024\" data-id=\"17118\" src=\"http:\/\/tvbelas.com\/tvbelas\/wp-content\/uploads\/2024\/08\/d45d095d-c37a-4275-99b4-0477fa3d5dfc-768x1024.jpg\" alt=\"\" class=\"wp-image-17118\" srcset=\"https:\/\/tvbelas.com\/tvbelas\/wp-content\/uploads\/2024\/08\/d45d095d-c37a-4275-99b4-0477fa3d5dfc-768x1024.jpg 768w, https:\/\/tvbelas.com\/tvbelas\/wp-content\/uploads\/2024\/08\/d45d095d-c37a-4275-99b4-0477fa3d5dfc-225x300.jpg 225w, https:\/\/tvbelas.com\/tvbelas\/wp-content\/uploads\/2024\/08\/d45d095d-c37a-4275-99b4-0477fa3d5dfc-1152x1536.jpg 1152w, https:\/\/tvbelas.com\/tvbelas\/wp-content\/uploads\/2024\/08\/d45d095d-c37a-4275-99b4-0477fa3d5dfc-1536x2048.jpg 1536w, https:\/\/tvbelas.com\/tvbelas\/wp-content\/uploads\/2024\/08\/d45d095d-c37a-4275-99b4-0477fa3d5dfc-150x200.jpg 150w, https:\/\/tvbelas.com\/tvbelas\/wp-content\/uploads\/2024\/08\/d45d095d-c37a-4275-99b4-0477fa3d5dfc-300x400.jpg 300w, https:\/\/tvbelas.com\/tvbelas\/wp-content\/uploads\/2024\/08\/d45d095d-c37a-4275-99b4-0477fa3d5dfc-696x928.jpg 696w, https:\/\/tvbelas.com\/tvbelas\/wp-content\/uploads\/2024\/08\/d45d095d-c37a-4275-99b4-0477fa3d5dfc-1068x1424.jpg 1068w, https:\/\/tvbelas.com\/tvbelas\/wp-content\/uploads\/2024\/08\/d45d095d-c37a-4275-99b4-0477fa3d5dfc-scaled.jpg 1920w, https:\/\/tvbelas.com\/tvbelas\/wp-content\/uploads\/2024\/08\/d45d095d-c37a-4275-99b4-0477fa3d5dfc-315x420.jpg 315w\" sizes=\"auto, (max-width: 768px) 100vw, 768px\" \/><\/figure>\n\n\n\n<figure class=\"wp-block-image size-large\"><img loading=\"lazy\" decoding=\"async\" width=\"1024\" height=\"767\" data-id=\"17117\" src=\"http:\/\/tvbelas.com\/tvbelas\/wp-content\/uploads\/2024\/08\/f66b956b-ca31-48ad-89dc-8588b1dbcf7b-1024x767.jpg\" alt=\"\" class=\"wp-image-17117\" srcset=\"https:\/\/tvbelas.com\/tvbelas\/wp-content\/uploads\/2024\/08\/f66b956b-ca31-48ad-89dc-8588b1dbcf7b-1024x767.jpg 1024w, https:\/\/tvbelas.com\/tvbelas\/wp-content\/uploads\/2024\/08\/f66b956b-ca31-48ad-89dc-8588b1dbcf7b-300x225.jpg 300w, https:\/\/tvbelas.com\/tvbelas\/wp-content\/uploads\/2024\/08\/f66b956b-ca31-48ad-89dc-8588b1dbcf7b-768x575.jpg 768w, https:\/\/tvbelas.com\/tvbelas\/wp-content\/uploads\/2024\/08\/f66b956b-ca31-48ad-89dc-8588b1dbcf7b-150x112.jpg 150w, https:\/\/tvbelas.com\/tvbelas\/wp-content\/uploads\/2024\/08\/f66b956b-ca31-48ad-89dc-8588b1dbcf7b-696x521.jpg 696w, https:\/\/tvbelas.com\/tvbelas\/wp-content\/uploads\/2024\/08\/f66b956b-ca31-48ad-89dc-8588b1dbcf7b-1068x800.jpg 1068w, https:\/\/tvbelas.com\/tvbelas\/wp-content\/uploads\/2024\/08\/f66b956b-ca31-48ad-89dc-8588b1dbcf7b-561x420.jpg 561w, https:\/\/tvbelas.com\/tvbelas\/wp-content\/uploads\/2024\/08\/f66b956b-ca31-48ad-89dc-8588b1dbcf7b-265x198.jpg 265w, https:\/\/tvbelas.com\/tvbelas\/wp-content\/uploads\/2024\/08\/f66b956b-ca31-48ad-89dc-8588b1dbcf7b.jpg 1242w\" sizes=\"auto, (max-width: 1024px) 100vw, 1024px\" \/><\/figure>\n<\/figure>\n","protected":false},"excerpt":{"rendered":"<p>A Comiss\u00e3o directiva do CNJ Icolo e Bengo liderado pelo Secret\u00e1rio Executivo, Jo\u00e3o Fernando Pessoa \u201cDIOGO\u201d, realizou visita de trabalho ao Centro de emprego do Minist\u00e9rio Administra\u00e7\u00e3o P\u00fablica Trabalho e Seguran\u00e7a Social ( MAPTSS) no Icolo e Bengo, e foi recebida pelo Director do Centro, Dr. Tom\u00e1s Cadete, que de forma cordial e Juvenil apresentou [&hellip;]<\/p>\n","protected":false},"author":1,"featured_media":17119,"comment_status":"open","ping_status":"closed","sticky":false,"template":"","format":"standard","meta":{"footnotes":""},"categories":[12],"tags":[],"class_list":{"0":"post-17116","1":"post","2":"type-post","3":"status-publish","4":"format-standard","5":"has-post-thumbnail","7":"category-politica-angola"},"amp_enabled":true,"_links":{"self":[{"href":"https:\/\/tvbelas.com\/tvbelas\/wp-json\/wp\/v2\/posts\/17116","targetHints":{"allow":["GET"]}}],"collection":[{"href":"https:\/\/tvbelas.com\/tvbelas\/wp-json\/wp\/v2\/posts"}],"about":[{"href":"https:\/\/tvbelas.com\/tvbelas\/wp-json\/wp\/v2\/types\/post"}],"author":[{"embeddable":true,"href":"https:\/\/tvbelas.com\/tvbelas\/wp-json\/wp\/v2\/users\/1"}],"replies":[{"embeddable":true,"href":"https:\/\/tvbelas.com\/tvbelas\/wp-json\/wp\/v2\/comments?post=17116"}],"version-history":[{"count":1,"href":"https:\/\/tvbelas.com\/tvbelas\/wp-json\/wp\/v2\/posts\/17116\/revisions"}],"predecessor-version":[{"id":17120,"href":"https:\/\/tvbelas.com\/tvbelas\/wp-json\/wp\/v2\/posts\/17116\/revisions\/17120"}],"wp:featuredmedia":[{"embeddable":true,"href":"https:\/\/tvbelas.com\/tvbelas\/wp-json\/wp\/v2\/media\/17119"}],"wp:attachment":[{"href":"https:\/\/tvbelas.com\/tvbelas\/wp-json\/wp\/v2\/media?parent=17116"}],"wp:term":[{"taxonomy":"category","embeddable":true,"href":"https:\/\/tvbelas.com\/tvbelas\/wp-json\/wp\/v2\/categories?post=17116"},{"taxonomy":"post_tag","embeddable":true,"href":"https:\/\/tvbelas.com\/tvbelas\/wp-json\/wp\/v2\/tags?post=17116"}],"curies":[{"name":"wp","href":"https:\/\/api.w.org\/{rel}","templated":true}]}}