{"id":1718,"date":"2020-09-13T15:27:24","date_gmt":"2020-09-13T14:27:24","guid":{"rendered":"http:\/\/tvbelas.com\/tvbelas\/?p=1718"},"modified":"2020-09-13T15:27:24","modified_gmt":"2020-09-13T14:27:24","slug":"caso-dr-silvio-dala-policia-condena-ma-conduta-de-alguns-agentes","status":"publish","type":"post","link":"https:\/\/tvbelas.com\/tvbelas\/noticias\/sociedade\/caso-dr-silvio-dala-policia-condena-ma-conduta-de-alguns-agentes\/","title":{"rendered":"Caso Dr. Silvio Dala: Pol\u00edcia condena m\u00e1 conduta de alguns agentes"},"content":{"rendered":"\n<p><strong>Luanda<\/strong>\u00a0&#8211; O comandante-geral da Pol\u00edcia Nacional (PN), Paulo de Almeida, condenou esta sexta-feira as m\u00e1s pr\u00e1ticas de alguns efectivos e pediu confian\u00e7a na corpora\u00e7\u00e3o.<\/p>\n\n\n\n<p>O oficial fez este pronunciamento um dia depois da morte acidental de uma adolescente, ocorrida quinta-feira \u00faltima, no Bairro dos Ossos, munic\u00edpio do Cazenga, prov\u00edncia de Luanda.<\/p>\n\n\n\n<p>A v\u00edtima perdeu a vida na sequ\u00eancia de um disparo acidental, efetuado por um agente da pol\u00edcia, que j\u00e1 se encontra detido.<\/p>\n\n\n\n<p>O incidente ocorreu depois de um tumulto no posto policial local, onde um grupo de cidad\u00e3os teria tentado retirar um suposto meliante, detido pela comunidade.<\/p>\n\n\n\n<p>Segundo a vers\u00e3o da pol\u00edcia, o agente fez disparos para dispersar a popula\u00e7\u00e3o, tendo um atingido, acidentalmente, a v\u00edtima mortal.<\/p>\n\n\n\n<p>Em reac\u00e7\u00e3o, Paulo de Almeida pediu desculpas \u00e0s fam\u00edlias que, por ac\u00e7\u00e3o inadvertida, negligente e excessiva de alguns agentes, perderam ente-queridos.<\/p>\n\n\n\n<p>&#8220;Pelos erros, falhas e pelos actos indecorosos de alguns agentes, a corpora\u00e7\u00e3o pede desculpas&#8221;, declarou.<\/p>\n\n\n\n<p>Apesar de alguns incidentes, Paulo de Almeida enalteceu a ac\u00e7\u00e3o dos bons pol\u00edcias e agentes que levam a ordem, a paz e a tranquilidade \u00e0s v\u00e1rias comunidades do pa\u00eds.<\/p>\n\n\n\n<p>Louvou o esfor\u00e7o dos bons pol\u00edcias que tudo t\u00eam feito para combater a criminalidade, bem como a estreita colabora\u00e7\u00e3o da popula\u00e7\u00e3o e dos efectivos das For\u00e7as Armadas Angolanas, pelo trabalho de preven\u00e7\u00e3o e conten\u00e7\u00e3o da Covid-19.<\/p>\n","protected":false},"excerpt":{"rendered":"<p>Caso Dr. Silvio Dala: Pol\u00edcia condena m\u00e1 conduta de alguns agentes<\/p>\n","protected":false},"author":1,"featured_media":1719,"comment_status":"open","ping_status":"open","sticky":true,"template":"","format":"standard","meta":{"footnotes":""},"categories":[15],"tags":[],"class_list":{"0":"post-1718","1":"post","2":"type-post","3":"status-publish","4":"format-standard","5":"has-post-thumbnail","7":"category-sociedade"},"amp_enabled":true,"_links":{"self":[{"href":"https:\/\/tvbelas.com\/tvbelas\/wp-json\/wp\/v2\/posts\/1718","targetHints":{"allow":["GET"]}}],"collection":[{"href":"https:\/\/tvbelas.com\/tvbelas\/wp-json\/wp\/v2\/posts"}],"about":[{"href":"https:\/\/tvbelas.com\/tvbelas\/wp-json\/wp\/v2\/types\/post"}],"author":[{"embeddable":true,"href":"https:\/\/tvbelas.com\/tvbelas\/wp-json\/wp\/v2\/users\/1"}],"replies":[{"embeddable":true,"href":"https:\/\/tvbelas.com\/tvbelas\/wp-json\/wp\/v2\/comments?post=1718"}],"version-history":[{"count":0,"href":"https:\/\/tvbelas.com\/tvbelas\/wp-json\/wp\/v2\/posts\/1718\/revisions"}],"wp:featuredmedia":[{"embeddable":true,"href":"https:\/\/tvbelas.com\/tvbelas\/wp-json\/"}],"wp:attachment":[{"href":"https:\/\/tvbelas.com\/tvbelas\/wp-json\/wp\/v2\/media?parent=1718"}],"wp:term":[{"taxonomy":"category","embeddable":true,"href":"https:\/\/tvbelas.com\/tvbelas\/wp-json\/wp\/v2\/categories?post=1718"},{"taxonomy":"post_tag","embeddable":true,"href":"https:\/\/tvbelas.com\/tvbelas\/wp-json\/wp\/v2\/tags?post=1718"}],"curies":[{"name":"wp","href":"https:\/\/api.w.org\/{rel}","templated":true}]}}