{"id":17213,"date":"2024-10-09T16:46:16","date_gmt":"2024-10-09T15:46:16","guid":{"rendered":"http:\/\/tvbelas.com\/tvbelas\/?p=17213"},"modified":"2024-10-09T16:46:20","modified_gmt":"2024-10-09T15:46:20","slug":"saiba-quais-as-alegacoes-da-comissao-eleitoral-para-chumbar-a-candidatura-de-norberto-de-castro","status":"publish","type":"post","link":"https:\/\/tvbelas.com\/tvbelas\/sem-categoria\/saiba-quais-as-alegacoes-da-comissao-eleitoral-para-chumbar-a-candidatura-de-norberto-de-castro\/","title":{"rendered":"SAIBA QUAIS AS ALEGA\u00c7\u00d5ES DA COMISS\u00c3O ELEITORAL PARA CHUMBAR A CANDIDATURA DE NORBERTO DE CASTRO"},"content":{"rendered":"\n<p>Nesta  quarta-feira 9 de Outubro, em acto de valida\u00e7\u00e3o e homologa\u00e7\u00e3o das listas apresentadas no prazo estabelecido no calend\u00e1rio eleitoral, a comiss\u00e3o eleita para dirigir o processo para renova\u00e7\u00e3o de mandatos na Federa\u00e7\u00e3o angolana de Futebol fez saber que:<\/p>\n\n\n\n<p>A lista encabe\u00e7ada por Norberto de Castro \u00e9 reprovada pelo facto do candidato a Presidente n\u00e3o ter renunciado o cargo que exercia na Escola de Futebol com o nome do seu patrono.<\/p>\n\n\n\n<p>Sabe a TV Belas, que em 2016, Norberto de Castro deixou o cargo de Presidente naquela agremia\u00e7\u00e3o desportiva para poder integrar a lista de Artur Almeida na qualidade de Vice Presidente.<\/p>\n\n\n\n<p>Segundo a nossa fonte a Escola Norberto de Castro realizou sobre os ausp\u00edcios da direc\u00e7\u00e3o municipal de Viana e da Prov\u00edncia de Luanda outras renova\u00e7\u00f5es de mandatos em 2020 e 2024 que reconduziu Mois\u00e9s Joaquim Sebasti\u00e3o como Presidente daquela colectividade.<\/p>\n\n\n\n<p>A nossa fonte assegura que ser\u00e1 entregue a Comiss\u00e3o Eleitoral um recurso at\u00e9 a data limite 14 de Outubro, seguindo-se outras delig\u00eancias em caso de indeferimento.<\/p>\n\n\n\n<p>De recordar que em 2020;a lista de Norberto de Castro tamb\u00e9m fora chumbada pela comiss\u00e3o eleitoral por alegada falta de ren\u00fancia ao cargo de Vice Presidente, quando se provou ter apresentado a mesa da assembleia um pedido de demiss\u00e3o.<\/p>\n\n\n\n<p>Aqui siga reac\u00e7\u00f5es e actualiza\u00e7\u00f5es<\/p>\n\n\n\n<p>TV Belas, Juntos Criamos a Nossa Hist\u00f3ria.<\/p>\n","protected":false},"excerpt":{"rendered":"<p>Nesta quarta-feira 9 de Outubro, em acto de valida\u00e7\u00e3o e homologa\u00e7\u00e3o das listas apresentadas no prazo estabelecido no calend\u00e1rio eleitoral, a comiss\u00e3o eleita para dirigir o processo para renova\u00e7\u00e3o de mandatos na Federa\u00e7\u00e3o angolana de Futebol fez saber que: A lista encabe\u00e7ada por Norberto de Castro \u00e9 reprovada pelo facto do candidato a Presidente n\u00e3o [&hellip;]<\/p>\n","protected":false},"author":1,"featured_media":17214,"comment_status":"open","ping_status":"closed","sticky":false,"template":"","format":"standard","meta":{"footnotes":""},"categories":[1],"tags":[],"class_list":{"0":"post-17213","1":"post","2":"type-post","3":"status-publish","4":"format-standard","5":"has-post-thumbnail","7":"category-sem-categoria"},"amp_enabled":true,"_links":{"self":[{"href":"https:\/\/tvbelas.com\/tvbelas\/wp-json\/wp\/v2\/posts\/17213","targetHints":{"allow":["GET"]}}],"collection":[{"href":"https:\/\/tvbelas.com\/tvbelas\/wp-json\/wp\/v2\/posts"}],"about":[{"href":"https:\/\/tvbelas.com\/tvbelas\/wp-json\/wp\/v2\/types\/post"}],"author":[{"embeddable":true,"href":"https:\/\/tvbelas.com\/tvbelas\/wp-json\/wp\/v2\/users\/1"}],"replies":[{"embeddable":true,"href":"https:\/\/tvbelas.com\/tvbelas\/wp-json\/wp\/v2\/comments?post=17213"}],"version-history":[{"count":1,"href":"https:\/\/tvbelas.com\/tvbelas\/wp-json\/wp\/v2\/posts\/17213\/revisions"}],"predecessor-version":[{"id":17215,"href":"https:\/\/tvbelas.com\/tvbelas\/wp-json\/wp\/v2\/posts\/17213\/revisions\/17215"}],"wp:featuredmedia":[{"embeddable":true,"href":"https:\/\/tvbelas.com\/tvbelas\/wp-json\/wp\/v2\/media\/17214"}],"wp:attachment":[{"href":"https:\/\/tvbelas.com\/tvbelas\/wp-json\/wp\/v2\/media?parent=17213"}],"wp:term":[{"taxonomy":"category","embeddable":true,"href":"https:\/\/tvbelas.com\/tvbelas\/wp-json\/wp\/v2\/categories?post=17213"},{"taxonomy":"post_tag","embeddable":true,"href":"https:\/\/tvbelas.com\/tvbelas\/wp-json\/wp\/v2\/tags?post=17213"}],"curies":[{"name":"wp","href":"https:\/\/api.w.org\/{rel}","templated":true}]}}