{"id":1723,"date":"2020-09-14T15:35:35","date_gmt":"2020-09-14T14:35:35","guid":{"rendered":"http:\/\/tvbelas.com\/tvbelas\/?p=1723"},"modified":"2020-09-14T15:35:35","modified_gmt":"2020-09-14T14:35:35","slug":"ultimo-reforco-testa-positivo-a-covid-19","status":"publish","type":"post","link":"https:\/\/tvbelas.com\/tvbelas\/noticias\/desporto\/ultimo-reforco-testa-positivo-a-covid-19\/","title":{"rendered":"ANGOLANO N\u00c9LSON DA LUZ, \u00daLTIMO REFOR\u00c7O DO VIT\u00d3RIA SPORT CLUBE TESTA POSITIVO \u00c0 COVID-19"},"content":{"rendered":"\n<p>O V. Guimar\u00e3es informou esta segunda-feira da exist\u00eancia de um caso positivo \u00e0 Cobvid-19 no plantel.<\/p>\n\n\n\n<p>Em comunicado, o clube vimaranense adiantou tratar-se do mais recente refor\u00e7o a chegar, o angolano N\u00e9lson Luz, sublinhando que este tinha teste negativo quando viajou para Portugal, mas que n\u00e3o chegou a integrar os trabalhos da equipa orientada por Tiago Mendes.<\/p>\n\n\n\n<p>O jogador est\u00e1&nbsp;assintom\u00e1tico e em isolamento, bem como funcion\u00e1rios do clube qur tiveram contato com o jogador nos \u00faltimos dias.<\/p>\n\n\n\n<p>Eis o comunicado do Vit\u00f3ria:<\/p>\n\n\n\n<p>\u00abO Vit\u00f3ria Sport Clube informa que o jogador Nelson da Luz testou positivo a SARS-CoV-2 nos exames efetuados \u00e0 chegada a Portugal, n\u00e3o obstante os resultados negativos que antecederam e permitiram a sua viagem.&nbsp;<\/p>\n\n\n\n<p>Sendo este teste condi\u00e7\u00e3o essencial para a integra\u00e7\u00e3o dos jogadores no plantel, cumpre esclarecer que Nelson da Luz n\u00e3o chegou a integrar os trabalhos da equipa e que perante o teste positivo foram obviamente cumpridos os procedimentos protocolares, que passam pela notifica\u00e7\u00e3o das autoridades sanit\u00e1rias e pelo isolamento do jogador, que se encontra assintom\u00e1tico, e dos funcion\u00e1rios que com ele mantiveram contactos considerados de risco.&nbsp;<\/p>\n\n\n\n<p>Tal como tamb\u00e9m decorre do protocolo, o grupo de trabalho do Vit\u00f3ria SC mant\u00e9m a sua rotina de treino, mantendo-se igualmente a testagem regular do plantel, da equipa t\u00e9cnica e do staff de apoio\u00bb.<\/p>\n","protected":false},"excerpt":{"rendered":"<p>ANGOLANO N\u00c9LSON DA LUZ, \u00daLTIMO REFOR\u00c7O DO VIT\u00d3RIA SPORT CLUBE TESTA POSITIVO \u00c0 COVID-19<\/p>\n","protected":false},"author":1,"featured_media":1724,"comment_status":"open","ping_status":"open","sticky":false,"template":"","format":"standard","meta":{"footnotes":""},"categories":[19],"tags":[82],"class_list":{"0":"post-1723","1":"post","2":"type-post","3":"status-publish","4":"format-standard","5":"has-post-thumbnail","7":"category-desporto","8":"tag-covid-19"},"amp_enabled":true,"_links":{"self":[{"href":"https:\/\/tvbelas.com\/tvbelas\/wp-json\/wp\/v2\/posts\/1723","targetHints":{"allow":["GET"]}}],"collection":[{"href":"https:\/\/tvbelas.com\/tvbelas\/wp-json\/wp\/v2\/posts"}],"about":[{"href":"https:\/\/tvbelas.com\/tvbelas\/wp-json\/wp\/v2\/types\/post"}],"author":[{"embeddable":true,"href":"https:\/\/tvbelas.com\/tvbelas\/wp-json\/wp\/v2\/users\/1"}],"replies":[{"embeddable":true,"href":"https:\/\/tvbelas.com\/tvbelas\/wp-json\/wp\/v2\/comments?post=1723"}],"version-history":[{"count":0,"href":"https:\/\/tvbelas.com\/tvbelas\/wp-json\/wp\/v2\/posts\/1723\/revisions"}],"wp:featuredmedia":[{"embeddable":true,"href":"https:\/\/tvbelas.com\/tvbelas\/wp-json\/"}],"wp:attachment":[{"href":"https:\/\/tvbelas.com\/tvbelas\/wp-json\/wp\/v2\/media?parent=1723"}],"wp:term":[{"taxonomy":"category","embeddable":true,"href":"https:\/\/tvbelas.com\/tvbelas\/wp-json\/wp\/v2\/categories?post=1723"},{"taxonomy":"post_tag","embeddable":true,"href":"https:\/\/tvbelas.com\/tvbelas\/wp-json\/wp\/v2\/tags?post=1723"}],"curies":[{"name":"wp","href":"https:\/\/api.w.org\/{rel}","templated":true}]}}