{"id":17350,"date":"2024-11-06T16:05:52","date_gmt":"2024-11-06T15:05:52","guid":{"rendered":"http:\/\/tvbelas.com\/tvbelas\/?p=17350"},"modified":"2024-11-06T16:05:56","modified_gmt":"2024-11-06T15:05:56","slug":"discurso-do-vencedor-das-eleicoes-nos-estados-unidos","status":"publish","type":"post","link":"https:\/\/tvbelas.com\/tvbelas\/sem-categoria\/discurso-do-vencedor-das-eleicoes-nos-estados-unidos\/","title":{"rendered":"DISCURSO DO VENCEDOR DAS ELEI\u00c7\u00d5ES NOS ESTADOS UNIDOS"},"content":{"rendered":"\n<p>O 47\u00b0 Chefe de Estado Americano foi curto e claro:<\/p>\n\n\n\n<p>&#8220;Muito obrigado a todos! Com grande humildade, estou aqui para reconhecer que alcan\u00e7amos algo verdadeiramente hist\u00f3rico. Juntos, corrigimos nossas fronteiras e superamos desafios imensos. Esta vit\u00f3ria pol\u00edtica \u00e9 algo que o pa\u00eds nunca viu antes.<\/p>\n\n\n\n<p>Agrade\u00e7o ao povo americano por me conceder a honra de ser eleito novamente como presidente. Ganhar os estados-chave e o voto popular \u00e9 uma grande conquista, que reflete o amor e a confian\u00e7a do povo. Gra\u00e7as a voc\u00eas, conseguimos garantir um novo mandato e recuperamos a maioria no Senado.<\/p>\n\n\n\n<p>Parece que tamb\u00e9m manteremos a maioria na C\u00e2mara dos Representantes, consolidando o controle sobre ambas as casas do Congresso. Esta vit\u00f3ria hist\u00f3rica n\u00e3o \u00e9 apenas minha, \u00e9 nossa. O povo me deu uma segunda chance para liderar e transformar nossa na\u00e7\u00e3o.<\/p>\n\n\n\n<p>Prometo que faremos a Am\u00e9rica grande novamente. Vamos fechar nossas fronteiras para criminosos e garantir a seguran\u00e7a de todos. Durante o meu mandato, n\u00e3o haver\u00e1 mais guerras. Vou acabar com os conflitos e focar em proporcionar empregos e melhorar a economia do nosso pa\u00eds.<\/p>\n\n\n\n<p>Esta vit\u00f3ria \u00e9 um consenso pol\u00edtico sem precedentes, e \u00e9 hora de mudar a situa\u00e7\u00e3o do nosso pa\u00eds. Hoje, celebramos uma grande vit\u00f3ria para a democracia. Agrade\u00e7o a Deus, que me salvou para salvar o nosso pa\u00eds.<\/p>\n\n\n\n<p>Agora \u00e9 o momento de uni\u00e3o, n\u00e3o de divis\u00e3o. Juntos, podemos alcan\u00e7ar ainda mais e garantir um futuro brilhante para a Am\u00e9rica&#8221;, disse Donald Tramp<\/p>\n\n\n\n<p>TV Belas, Juntos Criamos a Nossa Hist\u00f3ria.<\/p>\n","protected":false},"excerpt":{"rendered":"<p>O 47\u00b0 Chefe de Estado Americano foi curto e claro: &#8220;Muito obrigado a todos! Com grande humildade, estou aqui para reconhecer que alcan\u00e7amos algo verdadeiramente hist\u00f3rico. Juntos, corrigimos nossas fronteiras e superamos desafios imensos. Esta vit\u00f3ria pol\u00edtica \u00e9 algo que o pa\u00eds nunca viu antes. Agrade\u00e7o ao povo americano por me conceder a honra de [&hellip;]<\/p>\n","protected":false},"author":1,"featured_media":17351,"comment_status":"open","ping_status":"closed","sticky":false,"template":"","format":"standard","meta":{"footnotes":""},"categories":[1],"tags":[],"class_list":{"0":"post-17350","1":"post","2":"type-post","3":"status-publish","4":"format-standard","5":"has-post-thumbnail","7":"category-sem-categoria"},"amp_enabled":true,"_links":{"self":[{"href":"https:\/\/tvbelas.com\/tvbelas\/wp-json\/wp\/v2\/posts\/17350","targetHints":{"allow":["GET"]}}],"collection":[{"href":"https:\/\/tvbelas.com\/tvbelas\/wp-json\/wp\/v2\/posts"}],"about":[{"href":"https:\/\/tvbelas.com\/tvbelas\/wp-json\/wp\/v2\/types\/post"}],"author":[{"embeddable":true,"href":"https:\/\/tvbelas.com\/tvbelas\/wp-json\/wp\/v2\/users\/1"}],"replies":[{"embeddable":true,"href":"https:\/\/tvbelas.com\/tvbelas\/wp-json\/wp\/v2\/comments?post=17350"}],"version-history":[{"count":1,"href":"https:\/\/tvbelas.com\/tvbelas\/wp-json\/wp\/v2\/posts\/17350\/revisions"}],"predecessor-version":[{"id":17352,"href":"https:\/\/tvbelas.com\/tvbelas\/wp-json\/wp\/v2\/posts\/17350\/revisions\/17352"}],"wp:featuredmedia":[{"embeddable":true,"href":"https:\/\/tvbelas.com\/tvbelas\/wp-json\/wp\/v2\/media\/17351"}],"wp:attachment":[{"href":"https:\/\/tvbelas.com\/tvbelas\/wp-json\/wp\/v2\/media?parent=17350"}],"wp:term":[{"taxonomy":"category","embeddable":true,"href":"https:\/\/tvbelas.com\/tvbelas\/wp-json\/wp\/v2\/categories?post=17350"},{"taxonomy":"post_tag","embeddable":true,"href":"https:\/\/tvbelas.com\/tvbelas\/wp-json\/wp\/v2\/tags?post=17350"}],"curies":[{"name":"wp","href":"https:\/\/api.w.org\/{rel}","templated":true}]}}