{"id":17418,"date":"2024-11-21T15:14:39","date_gmt":"2024-11-21T14:14:39","guid":{"rendered":"http:\/\/tvbelas.com\/tvbelas\/?p=17418"},"modified":"2024-11-21T15:14:43","modified_gmt":"2024-11-21T14:14:43","slug":"discurso-proferido-pelo-presidente-do-mpla-joao-lourenco-na-cerimonia-oficial-de-abertura-do-9-%e2%81%b0-congresso-ordinario-da-jmpla","status":"publish","type":"post","link":"https:\/\/tvbelas.com\/tvbelas\/noticias\/politica-angola\/discurso-proferido-pelo-presidente-do-mpla-joao-lourenco-na-cerimonia-oficial-de-abertura-do-9-%e2%81%b0-congresso-ordinario-da-jmpla\/","title":{"rendered":"DISCURSO PROFERIDO PELO PRESIDENTE DO MPLA, JO\u00c3O LOUREN\u00c7O, NA CERIM\u00d3NIA OFICIAL DE ABERTURA DO 9.\u2070 CONGRESSO ORDIN\u00c1RIO DA JMPLA"},"content":{"rendered":"\n<p>-Camarada Crispiniano dos Santos<\/p>\n\n\n\n<p>Primeiro Secret\u00e1rio do Comit\u00e9 Nacional da JMPLA<\/p>\n\n\n\n<p>-Camaradas Membros do Secretariado Nacional da JMPLA<\/p>\n\n\n\n<p>-Caros Delegados ao IX Congresso Ordin\u00e1rio da JMPLA<\/p>\n\n\n\n<p>-Estimados Convidados<\/p>\n\n\n\n<p>-Jovens Angolanos<\/p>\n\n\n\n<ul class=\"wp-block-list\">\n<li>Angolanas e Angolanos<\/li>\n<\/ul>\n\n\n\n<p>Gostaria de agradecer o convite que me foi endere\u00e7ado para fazer a abertura solene deste IX Congresso Ordin\u00e1rio da JMPLA, organiza\u00e7\u00e3o juvenil do MPLA e por isso o verdadeiro viveiro, forjador dos quadros de que o Partido e a Na\u00e7\u00e3o necessitam para o seu desenvolvimento.<\/p>\n\n\n\n<p>Aproveito esta ocasi\u00e3o para saudar calorosamente os delegados a este Congresso, toda a massa juvenil do Partido e por vosso interm\u00e9dio todos os jovens angolanos no geral.<\/p>\n\n\n\n<p>Na natureza, para se ter uma planta de qualidade que garanta a colheita de bons frutos, precisamos de cuidar da semente, da muda enquanto estiver no viveiro, antes de o transplantar. Na pol\u00edtica, se quisermos ter um bom militante do MPLA, precisamos de cuidar dele enquanto jovem da JMPLA que come\u00e7a a dar os primeiros passos na pol\u00edtica.<\/p>\n\n\n\n<p>O MPLA, sempre valorizou e apostou no grande potencial dos nossos jovens, preparando-os para enfrentar e superar os grandes desafios que o Partido e a sociedade apresentam em cada etapa da nossa hist\u00f3ria.<\/p>\n\n\n\n<p>Os membros da JMPLA e no geral os jovens angolanos, nunca defraudaram a confian\u00e7a e as expectativas neles depositadas pelo Partido e pela Na\u00e7\u00e3o angolana.<\/p>\n\n\n\n<p>Eles foram participantes ativos da luta de liberta\u00e7\u00e3o nacional, da luta pela defesa da integridade territorial e da soberania nacional, contribuem na reconstru\u00e7\u00e3o nacional, no desenvolvimento econ\u00f3mico e social do pa\u00eds e para todas as conquistas alcan\u00e7adas em todos os dom\u00ednios.<\/p>\n\n\n\n<p>Na defesa da p\u00e1tria, na economia, na cultura, na educa\u00e7\u00e3o e ensino, na ci\u00eancia, na inova\u00e7\u00e3o, no desporto, na constru\u00e7\u00e3o da paz e da reconcilia\u00e7\u00e3o nacional, na diplomacia e em outros dom\u00ednios n\u00e3o menos importantes, os jovens souberam sempre levantar bem alto o bom nome de Angola.<\/p>\n\n\n\n<p>-Caros Camaradas<\/p>\n\n\n\n<p>-Caros delegados<\/p>\n\n\n\n<p>-Jovens angolanos<\/p>\n\n\n\n<p>O pa\u00eds completa dentro de dias, cinquenta anos de Independ\u00eancia Nacional, que pretendemos comemorar com todo entusiasmo, alegria e energia positiva que a circunst\u00e2ncia recomenda.<\/p>\n\n\n\n<p>Os partidos pol\u00edticos, as igrejas, as organiza\u00e7\u00f5es da sociedade civil e os cidad\u00e3os patriotas e comprometidos com as causas nobres da na\u00e7\u00e3o, v\u00e3o participar entusiasticamente nas atividades programadas, para render homenagem aos nossos ancestrais e a todos aqueles que com sacrif\u00edcios incomensur\u00e1veis, com sangue, suor e l\u00e1grimas, tornaram poss\u00edvel ap\u00f3s cinco s\u00e9culos de humilha\u00e7\u00e3o, quebrar as grilhetas da opress\u00e3o colonial.<\/p>\n\n\n\n<p>Vamos refletir sobre a Angola que queremos e teremos nos pr\u00f3ximos cinquenta anos e qu\u00ea papel est\u00e1 reservado aos jovens de hoje e de amanh\u00e3.<\/p>\n\n\n\n<p>\u00c9 nossa miss\u00e3o como Partido, mas tamb\u00e9m como vossos mais velhos, preparar-vos para assumirem vossas responsabilidades, de prefer\u00eancia melhor do que n\u00f3s o fizemos e estamos a faz\u00ea-lo hoje, porque as gera\u00e7\u00f5es mais novas, devem aspirar sempre superar o desempenho das gera\u00e7\u00f5es mais velhas.<\/p>\n\n\n\n<p>A forma\u00e7\u00e3o acad\u00e9mica, a profissional, mas tamb\u00e9m a desportiva e c\u00edvica, s\u00e3o pe\u00e7as-chave para alcan\u00e7armos este objetivo de prepara\u00e7\u00e3o, lan\u00e7amento e promo\u00e7\u00e3o dos profissionais, dos l\u00edderes associativos, mas tamb\u00e9m dos l\u00edderes pol\u00edticos e governantes de que Angola necessita para hoje e amanh\u00e3.<\/p>\n\n\n\n<p>Vivemos atualmente num mundo digital dominado pelas tecnologias de informa\u00e7\u00e3o e comunica\u00e7\u00e3o, com a intelig\u00eancia artificial com os seus m\u00e9ritos e amea\u00e7as em franco crescimento, dom\u00ednios onde os mais jovens se sentem \u00e0 vontade pela facilidade de aprendizagem e adapta\u00e7\u00e3o mais r\u00e1pida que t\u00eam.<\/p>\n\n\n\n<p>\u00c9 sob este pano de fundo das TICs, da digitaliza\u00e7\u00e3o, da industrializa\u00e7\u00e3o, que mais facilmente vamos diversificar nossa economia, aumentar a produ\u00e7\u00e3o nacional, aumentar as exporta\u00e7\u00f5es e a oferta de postos de trabalho.<\/p>\n\n\n\n<p>Fica assim mais clara a necessidade da aposta nos jovens, se queremos dar o salto decisivo na nossa economia e no desenvolvimento integral do nosso pa\u00eds. Contamos com a vossa contribui\u00e7\u00e3o, para ajudarem o Executivo a encontrar as melhores solu\u00e7\u00f5es para os problemas que afligem a juventude, como a educa\u00e7\u00e3o, o emprego, a inser\u00e7\u00e3o no mundo dos neg\u00f3cios e a habita\u00e7\u00e3o entre outros.<\/p>\n\n\n\n<p>-Caros Camaradas<\/p>\n\n\n\n<p>-Caros Delegados<\/p>\n\n\n\n<p>-Angolanas e Angolanos<\/p>\n\n\n\n<p>Este Congresso Ordin\u00e1rio, vai eleger novos \u00f3rg\u00e3os diretivos da Organiza\u00e7\u00e3o juvenil do Partido, o seu Primeiro Secret\u00e1rio Nacional e o novo Comit\u00e9 Nacional que com certeza far\u00e1 da JMPLA, uma organiza\u00e7\u00e3o mais din\u00e2mica, inclusiva e cada v\u00eas mais pr\u00f3xima dos jovens angolanos e da sociedade angolana no geral.<\/p>\n\n\n\n<p>Queremos uma JMPLA que reflita a esperan\u00e7a e os anseios do jovem angolano, que promova a \u00e9tica e o civismo, o patriotismo, a toler\u00e2ncia pol\u00edtica e o respeito aos velhos, mulheres e crian\u00e7as e aos mais vulner\u00e1veis.<\/p>\n\n\n\n<p>Queremos ver os jovens na frente de combate contra a vandaliza\u00e7\u00e3o de bens p\u00fablicos, contra o tr\u00e1fico e contrabando de bens, contra a droga e o alcoolismo, contra o desrespeito dos s\u00edmbolos nacionais, a profana\u00e7\u00e3o de campas nos cemit\u00e9rios, contra a viol\u00eancia dom\u00e9stica e os maus tratos \u00e0s crian\u00e7as, contra a pr\u00e1tica do crime no geral.<\/p>\n\n\n\n<p>Queremos uma JMPLA comprometida com o ambiente, com as altera\u00e7\u00f5es clim\u00e1ticas, suas consequ\u00eancias e formas de mitig\u00e1-las, uma JMPLA que cuide da educa\u00e7\u00e3o do jovem para a necessidade da prote\u00e7\u00e3o do ambiente, promovendo campanhas de trabalho volunt\u00e1rio de recolha de lixo e do pl\u00e1stico em particular, campanhas de refloresta\u00e7\u00e3o de mangais e de outras esp\u00e9cies em \u00e1reas desmatadas, ou ainda em programas de prote\u00e7\u00e3o de esp\u00e9cies animais amea\u00e7adas pela ca\u00e7a furtiva ou em vias de extin\u00e7\u00e3o.<\/p>\n\n\n\n<p>-Caros Camaradas<\/p>\n\n\n\n<p>-Caros Delegados<\/p>\n\n\n\n<p>-Minhas Senhoras, Meus Senhores<\/p>\n\n\n\n<p>Todos n\u00f3s gostar\u00edamos de viver num mundo de paz e harmonia entre os povos e as na\u00e7\u00f5es, s\u00f3 poss\u00edvel de acontecer se cada cidad\u00e3o deste nosso planeta fizer a sua parte lutando para se alcan\u00e7ar esse momento.<\/p>\n\n\n\n<p>A paz e seguran\u00e7a globais, s\u00e3o um assunto s\u00e9rio demais para se deixar apenas nas m\u00e3os dos pol\u00edticos, governantes e estadistas.<\/p>\n\n\n\n<p>Este \u00e9 um assunto que a todos diz respeito, aos jovens, \u00e0s mulheres, organiza\u00e7\u00f5es da sociedade civil, l\u00edderes religiosos e comunit\u00e1rios e por isso todos devem juntar esfor\u00e7os e lutar por algo que nos \u00e9 precioso, por ser fundamental para o desenvolvimento das na\u00e7\u00f5es, a paz.<\/p>\n\n\n\n<p>Precisamos de dedicar recursos humanos, financeiros, materiais, avan\u00e7os tecnol\u00f3gicos e cient\u00edficos, ao servi\u00e7o da resolu\u00e7\u00e3o dos problemas que afligem a humanidade, como a pobreza, a fome e a mis\u00e9ria, as doen\u00e7as, endemias e pandemias e o desemprego.<\/p>\n\n\n\n<p>Os avultados recursos gastos nas guerras, poderiam ser canalizados para a constru\u00e7\u00e3o de infraestruturas rodovi\u00e1rias, ferrovi\u00e1rias, portu\u00e1rias e aeroportu\u00e1rias, hospitais, escolas, infraestruturas de produ\u00e7\u00e3o e distribui\u00e7\u00e3o de \u00e1gua e energia, podia se eletrificar e industrializar o nosso continente e outras zonas pouco desenvolvidas do nosso planeta.<\/p>\n\n\n\n<p>Precisamos por isso de incutir nos nossos jovens a cultura da paz, como o viemos fazendo com a Bienal de Luanda e o empenho de Angola na resolu\u00e7\u00e3o de conflitos.<\/p>\n\n\n\n<p>Os nossos jovens devem se interessar e procurar acompanhar a evolu\u00e7\u00e3o da situa\u00e7\u00e3o pol\u00edtica internacional, as rela\u00e7\u00f5es entre Estados e blocos econ\u00f3micos regionais, a correla\u00e7\u00e3o de for\u00e7as na arena internacional, os conflitos existentes e latentes, procurando ter uma an\u00e1lise cr\u00edtica baseada nos princ\u00edpios da Carta das Na\u00e7\u00f5es Unidas, da Independ\u00eancia e Soberania dos Estados, da inviolabilidade de suas fronteiras, da autodetermina\u00e7\u00e3o dos povos, do respeito das conven\u00e7\u00f5es internacionais, nomeadamente da Conven\u00e7\u00e3o de Genebra, do direito humanit\u00e1rio em cen\u00e1rios de guerra, procurando estar sempre do lado da justi\u00e7a, da verdade, da defesa dos civis inocentes e dos mais vulner\u00e1veis.<\/p>\n\n\n\n<p>Neste momento cr\u00edtico que o mundo vive, os jovens n\u00e3o podem ficar indiferentes ao sofrimento dos povos do Congo Democr\u00e1tico, do Sud\u00e3o, da Ucr\u00e2nia e da Palestina, v\u00edtimas de conflitos armados que devastam as infraestruturas habitacionais, escolares, hospitalares e outras, provocam milhares de mortos e feridos, milhares de deslocados internos e refugiados para os pa\u00edses vizinhos, chegando mesmo num dos casos a atingir n\u00edveis de verdadeiro e aut\u00eantico genoc\u00eddio.<\/p>\n\n\n\n<p>-Caros Camaradas<\/p>\n\n\n\n<p>-Caros delegados<\/p>\n\n\n\n<p>-Jovens Angolanos<\/p>\n\n\n\n<p>Tal como a educa\u00e7\u00e3o, o ensino e a forma\u00e7\u00e3o t\u00e9cnico-profissional, o desporto forja o car\u00e1ter e afasta os jovens das m\u00e1s pr\u00e1ticas sociais, preparando-os para enfrentar os grandes desafios da vida.<\/p>\n\n\n\n<p>Ao longo dos anos, os jovens angolanos envolvidos na pr\u00e1tica desportiva em diferentes modalidades, t\u00eam alegrado e orgulhado os angolanos e o pa\u00eds, nas competi\u00e7\u00f5es nacionais e internacionais em que participam.<\/p>\n\n\n\n<p>O pa\u00eds vem acumulando muitas ta\u00e7as e medalhas em diferentes modalidades desportivas, com destaque para o basquetebol, handebol, voleibol, t\u00eanis, artes marciais mistas, judo, karat\u00ea, jiu-jitsu, nata\u00e7\u00e3o, futebol, atletismo, desporto paraol\u00edmpico e xadrez.<\/p>\n\n\n\n<p>No futebol, desde o CAN da C\u00f4te D\u2019Ivoire que nossa sele\u00e7\u00e3o descolou e se encontra de forma ascendente motivada para ter uma melhor presta\u00e7\u00e3o no CAN de Marrocos. Depositamos toda nossa confian\u00e7a nos nossos jovens jogadores e equipa t\u00e9cnica dos Palancas.<\/p>\n\n\n\n<p>Aproveitando este bom momento da nossa sele\u00e7\u00e3o, entendemos no quadro das comemora\u00e7\u00f5es do quinquag\u00e9simo anivers\u00e1rio da Independ\u00eancia Nacional, convidar a sele\u00e7\u00e3o argentina de futebol, a sele\u00e7\u00e3o dos gigantes do futebol mundial Diego Maradona e Leonel Messi, para vir a Angola no pr\u00f3ximo ano jogar contra os nossos Palancas.<\/p>\n\n\n\n<p>As negocia\u00e7\u00f5es est\u00e3o no essencial encerradas, o que nos permite aproveitar este encontro de jovens, para dar a boa nova, que com certeza alegrar\u00e1 os amantes do futebol, os amantes do desporto e de uma maneira geral os angolanos, se tivermos em conta que no caso de Angola, o desporto de massas que corre nas nossas veias, que nasce e cresce conosco no bairro, na aldeia, \u00e9 sem sombra de d\u00favidas o futebol, sem querer minimizar a import\u00e2ncia e m\u00e9rito das outras modalidades.<\/p>\n\n\n\n<p>Com estas palavras, permitam-me desejar que os trabalhos deste IX Congresso Ordin\u00e1rio da JMPLA, decorram num ambiente de alegria e festa, que tomem as melhores decis\u00f5es em prol do fortalecimento da organiza\u00e7\u00e3o, em prol da defesa dos interesses dos jovens angolanos.<\/p>\n\n\n\n<p>Muito Obrigado a todos.<\/p>\n\n\n\n<figure class=\"wp-block-gallery has-nested-images columns-default is-cropped wp-block-gallery-1 is-layout-flex wp-block-gallery-is-layout-flex\">\n<figure class=\"wp-block-image size-large\"><img loading=\"lazy\" decoding=\"async\" width=\"1024\" height=\"642\" data-id=\"17419\" src=\"http:\/\/tvbelas.com\/tvbelas\/wp-content\/uploads\/2024\/11\/87ba9b88-8409-4719-bc6c-95b77afedd61-1024x642.jpg\" alt=\"\" class=\"wp-image-17419\" srcset=\"https:\/\/tvbelas.com\/tvbelas\/wp-content\/uploads\/2024\/11\/87ba9b88-8409-4719-bc6c-95b77afedd61-1024x642.jpg 1024w, https:\/\/tvbelas.com\/tvbelas\/wp-content\/uploads\/2024\/11\/87ba9b88-8409-4719-bc6c-95b77afedd61-300x188.jpg 300w, https:\/\/tvbelas.com\/tvbelas\/wp-content\/uploads\/2024\/11\/87ba9b88-8409-4719-bc6c-95b77afedd61-768x481.jpg 768w, https:\/\/tvbelas.com\/tvbelas\/wp-content\/uploads\/2024\/11\/87ba9b88-8409-4719-bc6c-95b77afedd61-150x94.jpg 150w, https:\/\/tvbelas.com\/tvbelas\/wp-content\/uploads\/2024\/11\/87ba9b88-8409-4719-bc6c-95b77afedd61-696x436.jpg 696w, https:\/\/tvbelas.com\/tvbelas\/wp-content\/uploads\/2024\/11\/87ba9b88-8409-4719-bc6c-95b77afedd61-1068x669.jpg 1068w, https:\/\/tvbelas.com\/tvbelas\/wp-content\/uploads\/2024\/11\/87ba9b88-8409-4719-bc6c-95b77afedd61-670x420.jpg 670w, https:\/\/tvbelas.com\/tvbelas\/wp-content\/uploads\/2024\/11\/87ba9b88-8409-4719-bc6c-95b77afedd61.jpg 1280w\" sizes=\"auto, (max-width: 1024px) 100vw, 1024px\" \/><\/figure>\n\n\n\n<figure class=\"wp-block-image size-large\"><img loading=\"lazy\" decoding=\"async\" width=\"1024\" height=\"642\" data-id=\"17423\" src=\"http:\/\/tvbelas.com\/tvbelas\/wp-content\/uploads\/2024\/11\/7ba17a84-3698-4837-9344-86dfa68f876a-1024x642.jpg\" alt=\"\" class=\"wp-image-17423\" srcset=\"https:\/\/tvbelas.com\/tvbelas\/wp-content\/uploads\/2024\/11\/7ba17a84-3698-4837-9344-86dfa68f876a-1024x642.jpg 1024w, https:\/\/tvbelas.com\/tvbelas\/wp-content\/uploads\/2024\/11\/7ba17a84-3698-4837-9344-86dfa68f876a-300x188.jpg 300w, https:\/\/tvbelas.com\/tvbelas\/wp-content\/uploads\/2024\/11\/7ba17a84-3698-4837-9344-86dfa68f876a-768x481.jpg 768w, https:\/\/tvbelas.com\/tvbelas\/wp-content\/uploads\/2024\/11\/7ba17a84-3698-4837-9344-86dfa68f876a-150x94.jpg 150w, https:\/\/tvbelas.com\/tvbelas\/wp-content\/uploads\/2024\/11\/7ba17a84-3698-4837-9344-86dfa68f876a-696x436.jpg 696w, https:\/\/tvbelas.com\/tvbelas\/wp-content\/uploads\/2024\/11\/7ba17a84-3698-4837-9344-86dfa68f876a-1068x669.jpg 1068w, https:\/\/tvbelas.com\/tvbelas\/wp-content\/uploads\/2024\/11\/7ba17a84-3698-4837-9344-86dfa68f876a-670x420.jpg 670w, https:\/\/tvbelas.com\/tvbelas\/wp-content\/uploads\/2024\/11\/7ba17a84-3698-4837-9344-86dfa68f876a.jpg 1280w\" sizes=\"auto, (max-width: 1024px) 100vw, 1024px\" \/><\/figure>\n\n\n\n<figure class=\"wp-block-image size-large\"><img loading=\"lazy\" decoding=\"async\" width=\"1024\" height=\"682\" data-id=\"17421\" src=\"http:\/\/tvbelas.com\/tvbelas\/wp-content\/uploads\/2024\/11\/c92bfbc6-1255-40a1-80ee-8ad4a364d027-1024x682.jpg\" alt=\"\" class=\"wp-image-17421\" srcset=\"https:\/\/tvbelas.com\/tvbelas\/wp-content\/uploads\/2024\/11\/c92bfbc6-1255-40a1-80ee-8ad4a364d027-1024x682.jpg 1024w, https:\/\/tvbelas.com\/tvbelas\/wp-content\/uploads\/2024\/11\/c92bfbc6-1255-40a1-80ee-8ad4a364d027-300x200.jpg 300w, https:\/\/tvbelas.com\/tvbelas\/wp-content\/uploads\/2024\/11\/c92bfbc6-1255-40a1-80ee-8ad4a364d027-768x512.jpg 768w, https:\/\/tvbelas.com\/tvbelas\/wp-content\/uploads\/2024\/11\/c92bfbc6-1255-40a1-80ee-8ad4a364d027-150x100.jpg 150w, https:\/\/tvbelas.com\/tvbelas\/wp-content\/uploads\/2024\/11\/c92bfbc6-1255-40a1-80ee-8ad4a364d027-696x464.jpg 696w, https:\/\/tvbelas.com\/tvbelas\/wp-content\/uploads\/2024\/11\/c92bfbc6-1255-40a1-80ee-8ad4a364d027-1068x712.jpg 1068w, https:\/\/tvbelas.com\/tvbelas\/wp-content\/uploads\/2024\/11\/c92bfbc6-1255-40a1-80ee-8ad4a364d027-630x420.jpg 630w, https:\/\/tvbelas.com\/tvbelas\/wp-content\/uploads\/2024\/11\/c92bfbc6-1255-40a1-80ee-8ad4a364d027.jpg 1280w\" sizes=\"auto, (max-width: 1024px) 100vw, 1024px\" \/><\/figure>\n\n\n\n<figure class=\"wp-block-image size-large\"><img loading=\"lazy\" decoding=\"async\" width=\"1024\" height=\"682\" data-id=\"17424\" src=\"http:\/\/tvbelas.com\/tvbelas\/wp-content\/uploads\/2024\/11\/16d98129-e704-401b-b401-1f32e97f6692-1024x682.jpg\" alt=\"\" class=\"wp-image-17424\" srcset=\"https:\/\/tvbelas.com\/tvbelas\/wp-content\/uploads\/2024\/11\/16d98129-e704-401b-b401-1f32e97f6692-1024x682.jpg 1024w, https:\/\/tvbelas.com\/tvbelas\/wp-content\/uploads\/2024\/11\/16d98129-e704-401b-b401-1f32e97f6692-300x200.jpg 300w, https:\/\/tvbelas.com\/tvbelas\/wp-content\/uploads\/2024\/11\/16d98129-e704-401b-b401-1f32e97f6692-768x512.jpg 768w, https:\/\/tvbelas.com\/tvbelas\/wp-content\/uploads\/2024\/11\/16d98129-e704-401b-b401-1f32e97f6692-150x100.jpg 150w, https:\/\/tvbelas.com\/tvbelas\/wp-content\/uploads\/2024\/11\/16d98129-e704-401b-b401-1f32e97f6692-696x464.jpg 696w, https:\/\/tvbelas.com\/tvbelas\/wp-content\/uploads\/2024\/11\/16d98129-e704-401b-b401-1f32e97f6692-1068x712.jpg 1068w, https:\/\/tvbelas.com\/tvbelas\/wp-content\/uploads\/2024\/11\/16d98129-e704-401b-b401-1f32e97f6692-630x420.jpg 630w, https:\/\/tvbelas.com\/tvbelas\/wp-content\/uploads\/2024\/11\/16d98129-e704-401b-b401-1f32e97f6692.jpg 1280w\" sizes=\"auto, (max-width: 1024px) 100vw, 1024px\" \/><\/figure>\n\n\n\n<figure class=\"wp-block-image size-large\"><img loading=\"lazy\" decoding=\"async\" width=\"1024\" height=\"682\" data-id=\"17422\" src=\"http:\/\/tvbelas.com\/tvbelas\/wp-content\/uploads\/2024\/11\/b1fa00dd-b5eb-4029-b4b0-cec9eda3e6d6-1024x682.jpg\" alt=\"\" class=\"wp-image-17422\" srcset=\"https:\/\/tvbelas.com\/tvbelas\/wp-content\/uploads\/2024\/11\/b1fa00dd-b5eb-4029-b4b0-cec9eda3e6d6-1024x682.jpg 1024w, https:\/\/tvbelas.com\/tvbelas\/wp-content\/uploads\/2024\/11\/b1fa00dd-b5eb-4029-b4b0-cec9eda3e6d6-300x200.jpg 300w, https:\/\/tvbelas.com\/tvbelas\/wp-content\/uploads\/2024\/11\/b1fa00dd-b5eb-4029-b4b0-cec9eda3e6d6-768x512.jpg 768w, https:\/\/tvbelas.com\/tvbelas\/wp-content\/uploads\/2024\/11\/b1fa00dd-b5eb-4029-b4b0-cec9eda3e6d6-150x100.jpg 150w, https:\/\/tvbelas.com\/tvbelas\/wp-content\/uploads\/2024\/11\/b1fa00dd-b5eb-4029-b4b0-cec9eda3e6d6-696x464.jpg 696w, https:\/\/tvbelas.com\/tvbelas\/wp-content\/uploads\/2024\/11\/b1fa00dd-b5eb-4029-b4b0-cec9eda3e6d6-1068x712.jpg 1068w, https:\/\/tvbelas.com\/tvbelas\/wp-content\/uploads\/2024\/11\/b1fa00dd-b5eb-4029-b4b0-cec9eda3e6d6-630x420.jpg 630w, https:\/\/tvbelas.com\/tvbelas\/wp-content\/uploads\/2024\/11\/b1fa00dd-b5eb-4029-b4b0-cec9eda3e6d6.jpg 1280w\" sizes=\"auto, (max-width: 1024px) 100vw, 1024px\" \/><\/figure>\n\n\n\n<figure class=\"wp-block-image size-large\"><img loading=\"lazy\" decoding=\"async\" width=\"1024\" height=\"682\" data-id=\"17420\" src=\"http:\/\/tvbelas.com\/tvbelas\/wp-content\/uploads\/2024\/11\/9fff6645-a341-42a7-8b3f-4f8fee79fe27-1024x682.jpg\" alt=\"\" class=\"wp-image-17420\" srcset=\"https:\/\/tvbelas.com\/tvbelas\/wp-content\/uploads\/2024\/11\/9fff6645-a341-42a7-8b3f-4f8fee79fe27-1024x682.jpg 1024w, https:\/\/tvbelas.com\/tvbelas\/wp-content\/uploads\/2024\/11\/9fff6645-a341-42a7-8b3f-4f8fee79fe27-300x200.jpg 300w, https:\/\/tvbelas.com\/tvbelas\/wp-content\/uploads\/2024\/11\/9fff6645-a341-42a7-8b3f-4f8fee79fe27-768x512.jpg 768w, https:\/\/tvbelas.com\/tvbelas\/wp-content\/uploads\/2024\/11\/9fff6645-a341-42a7-8b3f-4f8fee79fe27-150x100.jpg 150w, https:\/\/tvbelas.com\/tvbelas\/wp-content\/uploads\/2024\/11\/9fff6645-a341-42a7-8b3f-4f8fee79fe27-696x464.jpg 696w, https:\/\/tvbelas.com\/tvbelas\/wp-content\/uploads\/2024\/11\/9fff6645-a341-42a7-8b3f-4f8fee79fe27-1068x712.jpg 1068w, https:\/\/tvbelas.com\/tvbelas\/wp-content\/uploads\/2024\/11\/9fff6645-a341-42a7-8b3f-4f8fee79fe27-630x420.jpg 630w, https:\/\/tvbelas.com\/tvbelas\/wp-content\/uploads\/2024\/11\/9fff6645-a341-42a7-8b3f-4f8fee79fe27.jpg 1280w\" sizes=\"auto, (max-width: 1024px) 100vw, 1024px\" \/><\/figure>\n<\/figure>\n","protected":false},"excerpt":{"rendered":"<p>-Camarada Crispiniano dos Santos Primeiro Secret\u00e1rio do Comit\u00e9 Nacional da JMPLA -Camaradas Membros do Secretariado Nacional da JMPLA -Caros Delegados ao IX Congresso Ordin\u00e1rio da JMPLA -Estimados Convidados -Jovens Angolanos Gostaria de agradecer o convite que me foi endere\u00e7ado para fazer a abertura solene deste IX Congresso Ordin\u00e1rio da JMPLA, organiza\u00e7\u00e3o juvenil do MPLA e [&hellip;]<\/p>\n","protected":false},"author":1,"featured_media":17420,"comment_status":"open","ping_status":"closed","sticky":false,"template":"","format":"standard","meta":{"footnotes":""},"categories":[12],"tags":[],"class_list":{"0":"post-17418","1":"post","2":"type-post","3":"status-publish","4":"format-standard","5":"has-post-thumbnail","7":"category-politica-angola"},"amp_enabled":true,"_links":{"self":[{"href":"https:\/\/tvbelas.com\/tvbelas\/wp-json\/wp\/v2\/posts\/17418","targetHints":{"allow":["GET"]}}],"collection":[{"href":"https:\/\/tvbelas.com\/tvbelas\/wp-json\/wp\/v2\/posts"}],"about":[{"href":"https:\/\/tvbelas.com\/tvbelas\/wp-json\/wp\/v2\/types\/post"}],"author":[{"embeddable":true,"href":"https:\/\/tvbelas.com\/tvbelas\/wp-json\/wp\/v2\/users\/1"}],"replies":[{"embeddable":true,"href":"https:\/\/tvbelas.com\/tvbelas\/wp-json\/wp\/v2\/comments?post=17418"}],"version-history":[{"count":1,"href":"https:\/\/tvbelas.com\/tvbelas\/wp-json\/wp\/v2\/posts\/17418\/revisions"}],"predecessor-version":[{"id":17425,"href":"https:\/\/tvbelas.com\/tvbelas\/wp-json\/wp\/v2\/posts\/17418\/revisions\/17425"}],"wp:featuredmedia":[{"embeddable":true,"href":"https:\/\/tvbelas.com\/tvbelas\/wp-json\/wp\/v2\/media\/17420"}],"wp:attachment":[{"href":"https:\/\/tvbelas.com\/tvbelas\/wp-json\/wp\/v2\/media?parent=17418"}],"wp:term":[{"taxonomy":"category","embeddable":true,"href":"https:\/\/tvbelas.com\/tvbelas\/wp-json\/wp\/v2\/categories?post=17418"},{"taxonomy":"post_tag","embeddable":true,"href":"https:\/\/tvbelas.com\/tvbelas\/wp-json\/wp\/v2\/tags?post=17418"}],"curies":[{"name":"wp","href":"https:\/\/api.w.org\/{rel}","templated":true}]}}