{"id":17603,"date":"2025-01-10T20:59:26","date_gmt":"2025-01-10T19:59:26","guid":{"rendered":"http:\/\/tvbelas.com\/tvbelas\/?p=17603"},"modified":"2025-01-10T20:59:30","modified_gmt":"2025-01-10T19:59:30","slug":"can-2010-ha-15-anos-iniciava-em-angola-a-maior-competicao-continental","status":"publish","type":"post","link":"https:\/\/tvbelas.com\/tvbelas\/noticias\/desporto\/can-2010-ha-15-anos-iniciava-em-angola-a-maior-competicao-continental\/","title":{"rendered":"CAN 2010, H\u00c1 15 ANOS INICIAVA EM ANGOLA A MAIOR COMPETI\u00c7\u00c3O CONTINENTAL"},"content":{"rendered":"\n<p>Ficou para a hist\u00f3ria a primeira realiza\u00e7\u00e3o do g\u00e9nero em Angola, com a disputada da prova em Luanda, Cabinda, Benguela e Huila entre 10 e 31 de janeiro.<\/p>\n\n\n\n<p>Na abertura do XXVII Campeonato Africano das Na\u00e7\u00f5es, o jogo de abertura marcou ainda mais a competi\u00e7\u00e3o com o 4-4 diante do Mali no est\u00e1dio 11 de Novembro.<\/p>\n\n\n\n<p>Os Palancas Negras estiveram a vencer por 4-0, mas permitiram uma recupera\u00e7\u00e3o \u00e9pica dos malianos em cerca de 20 minutos.<\/p>\n\n\n\n<p>TV Belas Juntos Criamos a Nossa Hist\u00f3ria.<\/p>\n\n\n\n<figure class=\"wp-block-gallery has-nested-images columns-default is-cropped wp-block-gallery-1 is-layout-flex wp-block-gallery-is-layout-flex\">\n<figure class=\"wp-block-image size-large\"><img loading=\"lazy\" decoding=\"async\" width=\"720\" height=\"480\" data-id=\"17605\" src=\"http:\/\/tvbelas.com\/tvbelas\/wp-content\/uploads\/2025\/01\/77b8ae8d-e0a6-47e3-953f-7e4cb50b334d.jpg\" alt=\"\" class=\"wp-image-17605\" srcset=\"https:\/\/tvbelas.com\/tvbelas\/wp-content\/uploads\/2025\/01\/77b8ae8d-e0a6-47e3-953f-7e4cb50b334d.jpg 720w, https:\/\/tvbelas.com\/tvbelas\/wp-content\/uploads\/2025\/01\/77b8ae8d-e0a6-47e3-953f-7e4cb50b334d-300x200.jpg 300w, https:\/\/tvbelas.com\/tvbelas\/wp-content\/uploads\/2025\/01\/77b8ae8d-e0a6-47e3-953f-7e4cb50b334d-150x100.jpg 150w, https:\/\/tvbelas.com\/tvbelas\/wp-content\/uploads\/2025\/01\/77b8ae8d-e0a6-47e3-953f-7e4cb50b334d-696x464.jpg 696w, https:\/\/tvbelas.com\/tvbelas\/wp-content\/uploads\/2025\/01\/77b8ae8d-e0a6-47e3-953f-7e4cb50b334d-630x420.jpg 630w\" sizes=\"auto, (max-width: 720px) 100vw, 720px\" \/><\/figure>\n\n\n\n<figure class=\"wp-block-image size-large\"><img loading=\"lazy\" decoding=\"async\" width=\"720\" height=\"405\" data-id=\"17604\" src=\"http:\/\/tvbelas.com\/tvbelas\/wp-content\/uploads\/2025\/01\/6775eb28-9215-4b3c-a468-a2f8fa3208a1.jpg\" alt=\"\" class=\"wp-image-17604\" srcset=\"https:\/\/tvbelas.com\/tvbelas\/wp-content\/uploads\/2025\/01\/6775eb28-9215-4b3c-a468-a2f8fa3208a1.jpg 720w, https:\/\/tvbelas.com\/tvbelas\/wp-content\/uploads\/2025\/01\/6775eb28-9215-4b3c-a468-a2f8fa3208a1-300x169.jpg 300w, https:\/\/tvbelas.com\/tvbelas\/wp-content\/uploads\/2025\/01\/6775eb28-9215-4b3c-a468-a2f8fa3208a1-150x84.jpg 150w, https:\/\/tvbelas.com\/tvbelas\/wp-content\/uploads\/2025\/01\/6775eb28-9215-4b3c-a468-a2f8fa3208a1-696x392.jpg 696w\" sizes=\"auto, (max-width: 720px) 100vw, 720px\" \/><\/figure>\n<\/figure>\n","protected":false},"excerpt":{"rendered":"<p>Ficou para a hist\u00f3ria a primeira realiza\u00e7\u00e3o do g\u00e9nero em Angola, com a disputada da prova em Luanda, Cabinda, Benguela e Huila entre 10 e 31 de janeiro. Na abertura do XXVII Campeonato Africano das Na\u00e7\u00f5es, o jogo de abertura marcou ainda mais a competi\u00e7\u00e3o com o 4-4 diante do Mali no est\u00e1dio 11 de [&hellip;]<\/p>\n","protected":false},"author":1,"featured_media":17604,"comment_status":"open","ping_status":"closed","sticky":false,"template":"","format":"standard","meta":{"footnotes":""},"categories":[19],"tags":[],"class_list":{"0":"post-17603","1":"post","2":"type-post","3":"status-publish","4":"format-standard","5":"has-post-thumbnail","7":"category-desporto"},"amp_enabled":true,"_links":{"self":[{"href":"https:\/\/tvbelas.com\/tvbelas\/wp-json\/wp\/v2\/posts\/17603","targetHints":{"allow":["GET"]}}],"collection":[{"href":"https:\/\/tvbelas.com\/tvbelas\/wp-json\/wp\/v2\/posts"}],"about":[{"href":"https:\/\/tvbelas.com\/tvbelas\/wp-json\/wp\/v2\/types\/post"}],"author":[{"embeddable":true,"href":"https:\/\/tvbelas.com\/tvbelas\/wp-json\/wp\/v2\/users\/1"}],"replies":[{"embeddable":true,"href":"https:\/\/tvbelas.com\/tvbelas\/wp-json\/wp\/v2\/comments?post=17603"}],"version-history":[{"count":1,"href":"https:\/\/tvbelas.com\/tvbelas\/wp-json\/wp\/v2\/posts\/17603\/revisions"}],"predecessor-version":[{"id":17606,"href":"https:\/\/tvbelas.com\/tvbelas\/wp-json\/wp\/v2\/posts\/17603\/revisions\/17606"}],"wp:featuredmedia":[{"embeddable":true,"href":"https:\/\/tvbelas.com\/tvbelas\/wp-json\/wp\/v2\/media\/17604"}],"wp:attachment":[{"href":"https:\/\/tvbelas.com\/tvbelas\/wp-json\/wp\/v2\/media?parent=17603"}],"wp:term":[{"taxonomy":"category","embeddable":true,"href":"https:\/\/tvbelas.com\/tvbelas\/wp-json\/wp\/v2\/categories?post=17603"},{"taxonomy":"post_tag","embeddable":true,"href":"https:\/\/tvbelas.com\/tvbelas\/wp-json\/wp\/v2\/tags?post=17603"}],"curies":[{"name":"wp","href":"https:\/\/api.w.org\/{rel}","templated":true}]}}